{"id":8863,"date":"2020-03-24T11:45:47","date_gmt":"2020-03-24T10:45:47","guid":{"rendered":"https:\/\/blog.empikfoto.cz\/?p=8863"},"modified":"2020-03-24T12:48:26","modified_gmt":"2020-03-24T11:48:26","slug":"jaro-byte-budte-perfektni-hospodynkou","status":"publish","type":"post","link":"https:\/\/www.empikfoto.cz\/blog\/jaro-byte-budte-perfektni-hospodynkou\/","title":{"rendered":"Jaro v byt\u011b &#8211; bu\u010fte perfektn\u00ed hospody\u0148kou"},"content":{"rendered":"<p>Jaro je ro\u010dn\u00ed obdob\u00ed, kter\u00e9 se n\u00e1m spojuje se zm\u011bnou. V\u011bt\u0161inou se zm\u011bny vztahuj\u00ed na di\u00e9tu, oble\u010den\u00ed nebo bydlen\u00ed. Jarn\u00ed \u00faklid bydlen\u00ed kr\u00e1sn\u011b osv\u011b\u017e\u00ed a zbav\u00ed je zimn\u00ed n\u00e1lady. Bohu\u017eel ukl\u00edzen\u00ed nen\u00ed \u00fapln\u011b na\u0161\u00edm kon\u00ed\u010dkem&#8230; M\u016f\u017eeme se jenom domn\u00edvat, \u017ee i \u010d\u00e1st z\u00a0V\u00e1s je nem\u00e1 moc r\u00e1da. Proto jsme se rozhodli zjistit, jak ten \u00fakol trochu zjednodu\u0161it. Jak se m\u016f\u017eete st\u00e1t perfektn\u00ed hospody\u0148kou, kdy\u017e nem\u00e1te moc v\u00a0l\u00e1sce vysava\u010d nebo mop? Zde na\u0161e tipy ?<!--more--><\/p>\n<p>Jarn\u00ed \u00faklid je pro hodn\u011b lid\u00ed z\u00e1t\u011b\u017e\u00ed. Je ale pravdou, \u017ee zbaven\u00ed domova zimn\u00ed n\u00e1lady n\u00e1m v\u017edycky p\u0159id\u00e1 energi\u00ed a umo\u017en\u00ed r\u00e1zn\u00fd n\u00e1stup do nov\u00e9ho obdob\u00ed. Myt\u00ed oken, pran\u00ed z\u00e1clon a z\u00e1v\u011bs\u016f a ukl\u00edzen\u00ed za n\u00e1bytkem jsou prvn\u00ed kroky na cest\u011b k\u00a0jarn\u00ed prom\u011bn\u011b. Pak m\u016f\u017eete pokra\u010dovat s\u00a0aspo\u0148 minim\u00e1ln\u00ed redekorac\u00ed interi\u00e9r\u016f, ta V\u00e1m zajist\u00ed osv\u011b\u017een\u00ed bytu. M\u00e1me pro V\u00e1s p\u00e1r jednoduch\u00fdch tip\u016f, kter\u00e9 V\u00e1m zajist\u00ed jednoduch\u00fd jarn\u00ed \u00faklid a tak\u00e9 u\u0161et\u0159\u00ed Va\u0161i pen\u011b\u017eenku v\u00a0obchodu s\u00a0n\u00e1bytkem ?<\/p>\n<h2>Krok 1: chyt\u0159e ukl\u00edzejte<\/h2>\n<p>Ukl\u00edzen\u00ed se mnoha lidem nespojuje s\u00a0p\u0159\u00edjemnou aktivitou. Proto r\u00e1di pou\u017eiv\u00e1me r\u016fzn\u00e9 chytr\u00e9 triky, kter\u00e9 n\u00e1m umo\u017en\u00ed t\u0159eba jednodu\u0161e odstranit skvrny. Na internetu najdete spoustu takov\u00fdch doporu\u010den\u00ed. V\u00edte t\u0159eba, \u017ee kyp\u0159ic\u00ed pr\u00e1\u0161ek v\u00e1m kr\u00e1sn\u011b vy\u010dist\u00ed sp\u00e1ry mezi kachli\u010dkami? Pot\u0159ebujete nasypat pr\u00e1\u0161ek na vlhk\u00e9 sp\u00e1ry a nechat p\u016fsobit kolem \u010dtvr\u0165hodiny. Potom jenom vyt\u0159ete vlhk\u00fdm had\u0159\u00edkem a hotovo. Nechcete utratit spostu pen\u011bz na drah\u00e9 osv\u011b\u017eova\u010de \u0161atn\u00ed sk\u0159\u00edn\u011b? P\u0159ipravte je domac\u00edm zp\u016fsobem. Na \u010dist\u00fd kousek l\u00e1tky (t\u0159eba ze star\u00e9 ko\u0161ile) nasypte obl\u00edbenou koupelovou s\u016fl, sva\u017ete stu\u017ekou a pov\u011bste do sk\u0159\u00edn\u011b. Jin\u00fdm zp\u016fsobem je pou\u017eit\u00ed star\u00e9 pun\u010dochy. Nasypte do n\u00ed \u010dajov\u00e9 l\u00edstky a p\u0159idejte kapku obl\u00edben\u00e9ho aroma. Tak p\u0159\u00edpraven\u00e9 pytl\u00edky budou dobr\u00e9 i do botn\u00edku \u2013 \u010daj tot\u00ed\u017e skv\u011bl\u00e9 absorbuje nep\u0159\u00edjemn\u00e9 v\u016fn\u011b.<\/p>\n<h2>Krok 2: chyt\u0159e dekorujte<\/h2>\n<p>\u0158\u00edk\u00e1 se, \u017ee nejd\u016fle\u017eit\u011bj\u0161\u00ed jsou detaily, a ur\u010dit\u011b n\u011bco na tom je. Mal\u00e9 dopl\u0148ky um\u00ed zm\u011bnit n\u00e1ladu prostoru a zkr\u00e1\u0161lit interi\u00e9r. M\u016f\u017eete opravdu hodn\u011b zm\u011bnit va\u0161e bydlen\u00ed jenom v\u00fdm\u011bnou z\u00e1clon nebo povlak\u016f na pol\u0161t\u00e1\u0159e, ob\u010das sta\u010d\u00ed p\u0159idat na ze\u010f obraz nebo kol\u00e1\u017e fotek v\u00a0r\u00e1me\u010dku. Na ja\u0159e jsou dobr\u00fdm n\u00e1padem intenzivn\u011bj\u0161\u00ed barvy, zejm\u00e9na ty jarn\u00ed: zelen\u00e1, sv\u011btl\u00e9 modr\u00e1, intenzivn\u00ed \u017elut\u00e1. N\u011bkolik <a href=\"https:\/\/www.empikfoto.cz\/fotografie\">obl\u00edben\u00fdch fotografi\u00ed<\/a> v\u00a0barevn\u00fdch r\u00e1me\u010dc\u00edch kr\u00e1sn\u011b o\u017eiv\u00ed sv\u011btlou ze\u010f. Tulip\u00e1ny ve sv\u011btle modr\u00e9 v\u00e1ze rozvesel\u00ed pokoj, a <a href=\"https:\/\/www.empikfoto.cz\/vybaveni-interieru\/fotoobrazy-druhy\">fotoobraz<\/a> s\u00a0celou rodinou v\u00a0parku, lesu nebo botanick\u00e9 zahrad\u011b bude kr\u00e1snou barevn\u00ed v\u00fdzdobou. Barevn\u00e9 fotografie po\u0159\u00edzen\u00e9 v\u00a0p\u0159\u00edrod\u011b m\u016f\u017eete taky um\u00edstit p\u0159\u00edmo <a href=\"https:\/\/www.empikfoto.cz\/vybaveni-interieru\/polstarky\">na pol\u0161t\u00e1\u0159ech<\/a>. Je to zm\u011bna nejen kr\u00e1sn\u00e1, ale i praktick\u00e1.<\/p>\n<p><img loading=\"lazy\" decoding=\"async\" class=\"alignnone wp-image-8864 size-large\" src=\"https:\/\/blog.empikfoto.cz\/empikfoto\/2020\/03\/living-room-2732939_1280-1024x677.jpg\" alt=\"\" width=\"1024\" height=\"677\" srcset=\"https:\/\/www.empikfoto.cz\/blog\/empikfoto\/2020\/03\/living-room-2732939_1280-1024x677.jpg 1024w, https:\/\/www.empikfoto.cz\/blog\/empikfoto\/2020\/03\/living-room-2732939_1280-300x198.jpg 300w, https:\/\/www.empikfoto.cz\/blog\/empikfoto\/2020\/03\/living-room-2732939_1280-768x508.jpg 768w, https:\/\/www.empikfoto.cz\/blog\/empikfoto\/2020\/03\/living-room-2732939_1280-400x264.jpg 400w, https:\/\/www.empikfoto.cz\/blog\/empikfoto\/2020\/03\/living-room-2732939_1280.jpg 1280w\" sizes=\"auto, (max-width: 1024px) 100vw, 1024px\" \/><\/p>\n<h2>Krok 3: odpo\u010di\u0148te si<\/h2>\n<p>Pokud si chcete zaslou\u017eit jm\u00e9no perfektn\u00ed hospody\u0148ky, nesm\u00edte zapomenout&#8230; na sebe. V\u00a0byt\u011b u\u017e je po\u0159\u00e1dek, dopl\u0148ky zm\u011bnily interi\u00e9ry, tak je \u010das si odpo\u010dinout. Co t\u0159eba mas\u00e1\u017e nebo v\u00ed\u0159ivka? Pak rozhodn\u011b <a href=\"https:\/\/www.empikfoto.cz\/fotodarky\/fotohrnky-druhy\">hrne\u010dek<\/a> aromatick\u00e9ho kafe u obl\u00e9ben\u00e9 knihy nebo seri\u00e1lu. Nov\u00e1 n\u00e1lada bytu v\u00e1m stoprocentn\u011b umo\u017en\u00ed relax p\u0159\u00edmo ve vlastn\u00edm ob\u00fdv\u00e1ku.<\/p>\n<p><img loading=\"lazy\" decoding=\"async\" class=\"alignnone wp-image-8865 size-large\" src=\"https:\/\/blog.empikfoto.cz\/empikfoto\/2020\/03\/woman-holding-gray-ceramic-mug-846080-1024x683.jpg\" alt=\"\" width=\"1024\" height=\"683\" srcset=\"https:\/\/www.empikfoto.cz\/blog\/empikfoto\/2020\/03\/woman-holding-gray-ceramic-mug-846080-1024x683.jpg 1024w, https:\/\/www.empikfoto.cz\/blog\/empikfoto\/2020\/03\/woman-holding-gray-ceramic-mug-846080-300x200.jpg 300w, https:\/\/www.empikfoto.cz\/blog\/empikfoto\/2020\/03\/woman-holding-gray-ceramic-mug-846080-768x512.jpg 768w, https:\/\/www.empikfoto.cz\/blog\/empikfoto\/2020\/03\/woman-holding-gray-ceramic-mug-846080-330x220.jpg 330w, https:\/\/www.empikfoto.cz\/blog\/empikfoto\/2020\/03\/woman-holding-gray-ceramic-mug-846080-400x267.jpg 400w\" sizes=\"auto, (max-width: 1024px) 100vw, 1024px\" \/><\/p>\n","protected":false},"excerpt":{"rendered":"<p>Jaro je ro\u010dn\u00ed obdob\u00ed, kter\u00e9 se n\u00e1m spojuje se zm\u011bnou. V\u011bt\u0161inou se zm\u011bny vztahuj\u00ed na di\u00e9tu, oble\u010den\u00ed nebo bydlen\u00ed. Jarn\u00ed \u00faklid bydlen\u00ed kr\u00e1sn\u011b osv\u011b\u017e\u00ed a zbav\u00ed je zimn\u00ed n\u00e1lady. Bohu\u017eel ukl\u00edzen\u00ed nen\u00ed \u00fapln\u011b na\u0161\u00edm kon\u00ed\u010dkem&#8230; M\u016f\u017eeme se jenom domn\u00edvat, \u017ee i \u010d\u00e1st z\u00a0V\u00e1s je nem\u00e1 moc r\u00e1da. Proto jsme se rozhodli zjistit, jak ten \u00fakol trochu zjednodu\u0161it. Jak se m\u016f\u017eete st\u00e1t perfektn\u00ed hospody\u0148kou, kdy\u017e nem\u00e1te moc v\u00a0l\u00e1sce vysava\u010d nebo mop? Zde na\u0161e tipy ?<\/p>\n","protected":false},"author":22,"featured_media":8864,"comment_status":"open","ping_status":"closed","sticky":false,"template":"","format":"standard","meta":{"footnotes":""},"categories":[786,784,1],"tags":[],"class_list":["post-8863","post","type-post","status-publish","format-standard","has-post-thumbnail","hentry","category-inspiracje","category-lifestyle","category-nezarazeno"],"yoast_head":"<!-- This site is optimized with the Yoast SEO plugin v23.2 - https:\/\/yoast.com\/wordpress\/plugins\/seo\/ -->\n<title>Jaro v byt\u011b - bu\u010fte perfektn\u00ed hospody\u0148kou | blog.empikfoto.cz<\/title>\n<meta name=\"robots\" content=\"index, follow, max-snippet:-1, max-image-preview:large, max-video-preview:-1\" \/>\n<link rel=\"canonical\" href=\"https:\/\/www.empikfoto.cz\/blog\/jaro-byte-budte-perfektni-hospodynkou\/\" \/>\n<meta property=\"og:locale\" content=\"pl_PL\" \/>\n<meta property=\"og:type\" content=\"article\" \/>\n<meta property=\"og:title\" content=\"Jaro v byt\u011b - bu\u010fte perfektn\u00ed hospody\u0148kou | blog.empikfoto.cz\" \/>\n<meta property=\"og:description\" content=\"Jaro je ro\u010dn\u00ed obdob\u00ed, kter\u00e9 se n\u00e1m spojuje se zm\u011bnou. V\u011bt\u0161inou se zm\u011bny vztahuj\u00ed na di\u00e9tu, oble\u010den\u00ed nebo bydlen\u00ed. Jarn\u00ed \u00faklid bydlen\u00ed kr\u00e1sn\u011b osv\u011b\u017e\u00ed a zbav\u00ed je zimn\u00ed n\u00e1lady. Bohu\u017eel ukl\u00edzen\u00ed nen\u00ed \u00fapln\u011b na\u0161\u00edm kon\u00ed\u010dkem&#8230; M\u016f\u017eeme se jenom domn\u00edvat, \u017ee i \u010d\u00e1st z\u00a0V\u00e1s je nem\u00e1 moc r\u00e1da. Proto jsme se rozhodli zjistit, jak ten \u00fakol trochu zjednodu\u0161it. Jak se m\u016f\u017eete st\u00e1t perfektn\u00ed hospody\u0148kou, kdy\u017e nem\u00e1te moc v\u00a0l\u00e1sce vysava\u010d nebo mop? Zde na\u0161e tipy ?\" \/>\n<meta property=\"og:url\" content=\"https:\/\/www.empikfoto.cz\/blog\/jaro-byte-budte-perfektni-hospodynkou\/\" \/>\n<meta property=\"og:site_name\" content=\"blog.empikfoto.cz\" \/>\n<meta property=\"article:publisher\" content=\"https:\/\/www.facebook.com\/empikfotocz\/\" \/>\n<meta property=\"article:published_time\" content=\"2020-03-24T10:45:47+00:00\" \/>\n<meta property=\"article:modified_time\" content=\"2020-03-24T11:48:26+00:00\" \/>\n<meta property=\"og:image\" content=\"https:\/\/www.empikfoto.cz\/blog\/empikfoto\/2020\/03\/living-room-2732939_1280.jpg\" \/>\n\t<meta property=\"og:image:width\" content=\"1280\" \/>\n\t<meta property=\"og:image:height\" content=\"846\" \/>\n\t<meta property=\"og:image:type\" content=\"image\/jpeg\" \/>\n<meta name=\"author\" content=\"Tereza\" \/>\n<meta name=\"twitter:card\" content=\"summary_large_image\" \/>\n<meta name=\"twitter:label1\" content=\"Napisane przez\" \/>\n\t<meta name=\"twitter:data1\" content=\"Tereza\" \/>\n\t<meta name=\"twitter:label2\" content=\"Szacowany czas czytania\" \/>\n\t<meta name=\"twitter:data2\" content=\"3 minuty\" \/>\n<script type=\"application\/ld+json\" class=\"yoast-schema-graph\">{\"@context\":\"https:\/\/schema.org\",\"@graph\":[{\"@type\":\"WebPage\",\"@id\":\"https:\/\/www.empikfoto.cz\/blog\/jaro-byte-budte-perfektni-hospodynkou\/\",\"url\":\"https:\/\/www.empikfoto.cz\/blog\/jaro-byte-budte-perfektni-hospodynkou\/\",\"name\":\"Jaro v byt\u011b - bu\u010fte perfektn\u00ed hospody\u0148kou | blog.empikfoto.cz\",\"isPartOf\":{\"@id\":\"https:\/\/www.empikfoto.cz\/blog\/#website\"},\"primaryImageOfPage\":{\"@id\":\"https:\/\/www.empikfoto.cz\/blog\/jaro-byte-budte-perfektni-hospodynkou\/#primaryimage\"},\"image\":{\"@id\":\"https:\/\/www.empikfoto.cz\/blog\/jaro-byte-budte-perfektni-hospodynkou\/#primaryimage\"},\"thumbnailUrl\":\"https:\/\/www.empikfoto.cz\/blog\/empikfoto\/2020\/03\/living-room-2732939_1280.jpg\",\"datePublished\":\"2020-03-24T10:45:47+00:00\",\"dateModified\":\"2020-03-24T11:48:26+00:00\",\"author\":{\"@id\":\"https:\/\/www.empikfoto.cz\/blog\/#\/schema\/person\/4f63c2aa64f6d43882241b74a9a6baa4\"},\"breadcrumb\":{\"@id\":\"https:\/\/www.empikfoto.cz\/blog\/jaro-byte-budte-perfektni-hospodynkou\/#breadcrumb\"},\"inLanguage\":\"pl-PL\",\"potentialAction\":[{\"@type\":\"ReadAction\",\"target\":[\"https:\/\/www.empikfoto.cz\/blog\/jaro-byte-budte-perfektni-hospodynkou\/\"]}]},{\"@type\":\"ImageObject\",\"inLanguage\":\"pl-PL\",\"@id\":\"https:\/\/www.empikfoto.cz\/blog\/jaro-byte-budte-perfektni-hospodynkou\/#primaryimage\",\"url\":\"https:\/\/www.empikfoto.cz\/blog\/empikfoto\/2020\/03\/living-room-2732939_1280.jpg\",\"contentUrl\":\"https:\/\/www.empikfoto.cz\/blog\/empikfoto\/2020\/03\/living-room-2732939_1280.jpg\",\"width\":1280,\"height\":846},{\"@type\":\"BreadcrumbList\",\"@id\":\"https:\/\/www.empikfoto.cz\/blog\/jaro-byte-budte-perfektni-hospodynkou\/#breadcrumb\",\"itemListElement\":[{\"@type\":\"ListItem\",\"position\":1,\"name\":\"Strona g\u0142\u00f3wna\",\"item\":\"https:\/\/www.empikfoto.cz\/blog\/\"},{\"@type\":\"ListItem\",\"position\":2,\"name\":\"Jaro v byt\u011b &#8211; bu\u010fte perfektn\u00ed hospody\u0148kou\"}]},{\"@type\":\"WebSite\",\"@id\":\"https:\/\/www.empikfoto.cz\/blog\/#website\",\"url\":\"https:\/\/www.empikfoto.cz\/blog\/\",\"name\":\"blog.empikfoto.cz\",\"description\":\"Nechte se inspirovat a darujte vzpom\u00ednky\",\"potentialAction\":[{\"@type\":\"SearchAction\",\"target\":{\"@type\":\"EntryPoint\",\"urlTemplate\":\"https:\/\/www.empikfoto.cz\/blog\/?s={search_term_string}\"},\"query-input\":\"required name=search_term_string\"}],\"inLanguage\":\"pl-PL\"},{\"@type\":\"Person\",\"@id\":\"https:\/\/www.empikfoto.cz\/blog\/#\/schema\/person\/4f63c2aa64f6d43882241b74a9a6baa4\",\"name\":\"Tereza\",\"image\":{\"@type\":\"ImageObject\",\"inLanguage\":\"pl-PL\",\"@id\":\"https:\/\/www.empikfoto.cz\/blog\/#\/schema\/person\/image\/\",\"url\":\"https:\/\/secure.gravatar.com\/avatar\/367712963d3bfb4d4def2f08d664c7b9?s=96&d=identicon&r=g\",\"contentUrl\":\"https:\/\/secure.gravatar.com\/avatar\/367712963d3bfb4d4def2f08d664c7b9?s=96&d=identicon&r=g\",\"caption\":\"Tereza\"},\"url\":\"https:\/\/www.empikfoto.cz\/blog\/author\/klaudia\/\"}]}<\/script>\n<!-- \/ Yoast SEO plugin. -->","yoast_head_json":{"title":"Jaro v byt\u011b - bu\u010fte perfektn\u00ed hospody\u0148kou | blog.empikfoto.cz","robots":{"index":"index","follow":"follow","max-snippet":"max-snippet:-1","max-image-preview":"max-image-preview:large","max-video-preview":"max-video-preview:-1"},"canonical":"https:\/\/www.empikfoto.cz\/blog\/jaro-byte-budte-perfektni-hospodynkou\/","og_locale":"pl_PL","og_type":"article","og_title":"Jaro v byt\u011b - bu\u010fte perfektn\u00ed hospody\u0148kou | blog.empikfoto.cz","og_description":"Jaro je ro\u010dn\u00ed obdob\u00ed, kter\u00e9 se n\u00e1m spojuje se zm\u011bnou. V\u011bt\u0161inou se zm\u011bny vztahuj\u00ed na di\u00e9tu, oble\u010den\u00ed nebo bydlen\u00ed. Jarn\u00ed \u00faklid bydlen\u00ed kr\u00e1sn\u011b osv\u011b\u017e\u00ed a zbav\u00ed je zimn\u00ed n\u00e1lady. Bohu\u017eel ukl\u00edzen\u00ed nen\u00ed \u00fapln\u011b na\u0161\u00edm kon\u00ed\u010dkem&#8230; M\u016f\u017eeme se jenom domn\u00edvat, \u017ee i \u010d\u00e1st z\u00a0V\u00e1s je nem\u00e1 moc r\u00e1da. Proto jsme se rozhodli zjistit, jak ten \u00fakol trochu zjednodu\u0161it. Jak se m\u016f\u017eete st\u00e1t perfektn\u00ed hospody\u0148kou, kdy\u017e nem\u00e1te moc v\u00a0l\u00e1sce vysava\u010d nebo mop? Zde na\u0161e tipy ?","og_url":"https:\/\/www.empikfoto.cz\/blog\/jaro-byte-budte-perfektni-hospodynkou\/","og_site_name":"blog.empikfoto.cz","article_publisher":"https:\/\/www.facebook.com\/empikfotocz\/","article_published_time":"2020-03-24T10:45:47+00:00","article_modified_time":"2020-03-24T11:48:26+00:00","og_image":[{"width":1280,"height":846,"url":"https:\/\/www.empikfoto.cz\/blog\/empikfoto\/2020\/03\/living-room-2732939_1280.jpg","type":"image\/jpeg"}],"author":"Tereza","twitter_card":"summary_large_image","twitter_misc":{"Napisane przez":"Tereza","Szacowany czas czytania":"3 minuty"},"schema":{"@context":"https:\/\/schema.org","@graph":[{"@type":"WebPage","@id":"https:\/\/www.empikfoto.cz\/blog\/jaro-byte-budte-perfektni-hospodynkou\/","url":"https:\/\/www.empikfoto.cz\/blog\/jaro-byte-budte-perfektni-hospodynkou\/","name":"Jaro v byt\u011b - bu\u010fte perfektn\u00ed hospody\u0148kou | blog.empikfoto.cz","isPartOf":{"@id":"https:\/\/www.empikfoto.cz\/blog\/#website"},"primaryImageOfPage":{"@id":"https:\/\/www.empikfoto.cz\/blog\/jaro-byte-budte-perfektni-hospodynkou\/#primaryimage"},"image":{"@id":"https:\/\/www.empikfoto.cz\/blog\/jaro-byte-budte-perfektni-hospodynkou\/#primaryimage"},"thumbnailUrl":"https:\/\/www.empikfoto.cz\/blog\/empikfoto\/2020\/03\/living-room-2732939_1280.jpg","datePublished":"2020-03-24T10:45:47+00:00","dateModified":"2020-03-24T11:48:26+00:00","author":{"@id":"https:\/\/www.empikfoto.cz\/blog\/#\/schema\/person\/4f63c2aa64f6d43882241b74a9a6baa4"},"breadcrumb":{"@id":"https:\/\/www.empikfoto.cz\/blog\/jaro-byte-budte-perfektni-hospodynkou\/#breadcrumb"},"inLanguage":"pl-PL","potentialAction":[{"@type":"ReadAction","target":["https:\/\/www.empikfoto.cz\/blog\/jaro-byte-budte-perfektni-hospodynkou\/"]}]},{"@type":"ImageObject","inLanguage":"pl-PL","@id":"https:\/\/www.empikfoto.cz\/blog\/jaro-byte-budte-perfektni-hospodynkou\/#primaryimage","url":"https:\/\/www.empikfoto.cz\/blog\/empikfoto\/2020\/03\/living-room-2732939_1280.jpg","contentUrl":"https:\/\/www.empikfoto.cz\/blog\/empikfoto\/2020\/03\/living-room-2732939_1280.jpg","width":1280,"height":846},{"@type":"BreadcrumbList","@id":"https:\/\/www.empikfoto.cz\/blog\/jaro-byte-budte-perfektni-hospodynkou\/#breadcrumb","itemListElement":[{"@type":"ListItem","position":1,"name":"Strona g\u0142\u00f3wna","item":"https:\/\/www.empikfoto.cz\/blog\/"},{"@type":"ListItem","position":2,"name":"Jaro v byt\u011b &#8211; bu\u010fte perfektn\u00ed hospody\u0148kou"}]},{"@type":"WebSite","@id":"https:\/\/www.empikfoto.cz\/blog\/#website","url":"https:\/\/www.empikfoto.cz\/blog\/","name":"blog.empikfoto.cz","description":"Nechte se inspirovat a darujte vzpom\u00ednky","potentialAction":[{"@type":"SearchAction","target":{"@type":"EntryPoint","urlTemplate":"https:\/\/www.empikfoto.cz\/blog\/?s={search_term_string}"},"query-input":"required name=search_term_string"}],"inLanguage":"pl-PL"},{"@type":"Person","@id":"https:\/\/www.empikfoto.cz\/blog\/#\/schema\/person\/4f63c2aa64f6d43882241b74a9a6baa4","name":"Tereza","image":{"@type":"ImageObject","inLanguage":"pl-PL","@id":"https:\/\/www.empikfoto.cz\/blog\/#\/schema\/person\/image\/","url":"https:\/\/secure.gravatar.com\/avatar\/367712963d3bfb4d4def2f08d664c7b9?s=96&d=identicon&r=g","contentUrl":"https:\/\/secure.gravatar.com\/avatar\/367712963d3bfb4d4def2f08d664c7b9?s=96&d=identicon&r=g","caption":"Tereza"},"url":"https:\/\/www.empikfoto.cz\/blog\/author\/klaudia\/"}]}},"_links":{"self":[{"href":"https:\/\/www.empikfoto.cz\/blog\/wp-json\/wp\/v2\/posts\/8863","targetHints":{"allow":["GET"]}}],"collection":[{"href":"https:\/\/www.empikfoto.cz\/blog\/wp-json\/wp\/v2\/posts"}],"about":[{"href":"https:\/\/www.empikfoto.cz\/blog\/wp-json\/wp\/v2\/types\/post"}],"author":[{"embeddable":true,"href":"https:\/\/www.empikfoto.cz\/blog\/wp-json\/wp\/v2\/users\/22"}],"replies":[{"embeddable":true,"href":"https:\/\/www.empikfoto.cz\/blog\/wp-json\/wp\/v2\/comments?post=8863"}],"version-history":[{"count":1,"href":"https:\/\/www.empikfoto.cz\/blog\/wp-json\/wp\/v2\/posts\/8863\/revisions"}],"predecessor-version":[{"id":8866,"href":"https:\/\/www.empikfoto.cz\/blog\/wp-json\/wp\/v2\/posts\/8863\/revisions\/8866"}],"wp:featuredmedia":[{"embeddable":true,"href":"https:\/\/www.empikfoto.cz\/blog\/wp-json\/wp\/v2\/media\/8864"}],"wp:attachment":[{"href":"https:\/\/www.empikfoto.cz\/blog\/wp-json\/wp\/v2\/media?parent=8863"}],"wp:term":[{"taxonomy":"category","embeddable":true,"href":"https:\/\/www.empikfoto.cz\/blog\/wp-json\/wp\/v2\/categories?post=8863"},{"taxonomy":"post_tag","embeddable":true,"href":"https:\/\/www.empikfoto.cz\/blog\/wp-json\/wp\/v2\/tags?post=8863"}],"curies":[{"name":"wp","href":"https:\/\/api.w.org\/{rel}","templated":true}]}}