{"id":8899,"date":"2020-05-22T11:26:49","date_gmt":"2020-05-22T09:26:49","guid":{"rendered":"https:\/\/blog.empikfoto.cz\/?p=8899"},"modified":"2021-06-29T16:20:42","modified_gmt":"2021-06-29T14:20:42","slug":"darovat-uciteli-konec-skolniho-roku","status":"publish","type":"post","link":"https:\/\/www.empikfoto.cz\/blog\/darovat-uciteli-konec-skolniho-roku\/","title":{"rendered":"Co Darovat U\u010diteli Na Konec \u0160koln\u00edho Roku?"},"content":{"rendered":"<p><strong>\u0160koln\u00ed rok se bl\u00ed\u017e\u00ed ke konci. D\u016fle\u017eit\u00e9 jsou nejenom zn\u00e1mky na vysv\u011bd\u010den\u00ed, ale i mil\u00e9 d\u00e1rky pro u\u010ditel\u00e9. Leto\u0161n\u00ed rok byl trochu zvl\u00e1\u0161tn\u00ed, ale t\u00edm v\u00edce si na\u0161i u\u010ditel\u00e9 zaslou\u017eili hezk\u00e9 pod\u011bkov\u00e1n\u00ed za svou pr\u00e1ci. I drobn\u00fd d\u00e1rek je skv\u011bl\u00fdm zp\u016fsobem, jak vyj\u00e1d\u0159it vd\u011b\u010dnost a kladn\u00e9 emoce. P\u0159em\u00fd\u0161l\u00edte, co by bylo vhodn\u00e9? Kv\u011btina nen\u00ed jedinou volbou! Zkuste pomyslet na mali\u010dkost, kter\u00e1 p\u016fsob\u00ed dojet\u00edm a \u00fasm\u011bvem \u2013 mal\u00fd d\u00e1rek s\u00a0fotografi\u00ed.<\/strong><\/p>\n<p>D\u00e1rky pro t\u0159\u00eddn\u00edho u\u010ditele a dal\u0161\u00ed na konec \u0161koln\u00edho roku je tradice. Mal\u00fd d\u00e1rek stoj\u00ed za to nejenom kv\u016fli tradici, je i dal\u0161\u00ed, mnohem p\u0159\u00edjemn\u011bj\u0161\u00ed d\u016fvod. Ka\u017ed\u00fd u\u010ditel bude prost\u011b r\u00e1d a pot\u011b\u0161en d\u00e1rkem vymy\u0161len\u00fdm jen pro n\u011bj.<\/p>\n<p><img loading=\"lazy\" decoding=\"async\" class=\"wp-image-8906 size-large aligncenter\" src=\"https:\/\/blog.empikfoto.cz\/empikfoto\/2020\/05\/darek-dla-ucitela-1024x657.jpg\" alt=\"\" width=\"1024\" height=\"657\" srcset=\"https:\/\/www.empikfoto.cz\/blog\/empikfoto\/2020\/05\/darek-dla-ucitela-1024x657.jpg 1024w, https:\/\/www.empikfoto.cz\/blog\/empikfoto\/2020\/05\/darek-dla-ucitela-300x192.jpg 300w, https:\/\/www.empikfoto.cz\/blog\/empikfoto\/2020\/05\/darek-dla-ucitela-768x492.jpg 768w, https:\/\/www.empikfoto.cz\/blog\/empikfoto\/2020\/05\/darek-dla-ucitela-400x256.jpg 400w\" sizes=\"auto, (max-width: 1024px) 100vw, 1024px\" \/><\/p>\n<p>V\u00edme, \u017ee d\u00e1rek je dobr\u00fd n\u00e1pad, zb\u00fdv\u00e1 jen rozhodnout, co to bude. Kytice je univerz\u00e1ln\u00ed, dobr\u00fd n\u00e1pad, ale&#8230; rychl\u00e9 p\u0159ijde o sv\u00e9 kouzlo, proto\u017ee zvadne. Rozhodn\u011b stoj\u00ed za to uva\u017eovat o mal\u00e9m d\u00e1rku, kter\u00fd s\u00a0obl\u00edben\u00fdm u\u010ditelem z\u016fstane po del\u0161\u00ed dobu. Zde skv\u011blou volbou jsou fotod\u00e1rky!<\/p>\n<p>Pro\u010d? Proto\u017ee:<\/p>\n<ul>\n<li>M\u016f\u017eete zvolit praktick\u00fd p\u0159edm\u011bt, kter\u00fd u\u010ditel bude pou\u017eivat ka\u017ed\u00fd den. To znamen\u00e1, \u017ee na V\u00e1s bude myslet po del\u0161\u00ed dobu.<\/li>\n<li>Jsou personalizovan\u00e9, m\u016f\u017eete zvolit libovoln\u00fd sn\u00edmek. M\u016f\u017ee to b\u00fdt fotografie cel\u00e9 t\u0159\u00eddy, samotn\u00e9ho u\u010ditel\u00e9 nebo t\u0159eba sn\u00edmek z\u00a0akce, se kterou se spojuje zaj\u00edmav\u00fd p\u0159\u00edb\u011bh.<\/li>\n<li>M\u016f\u017eete d\u00e1rek navrhnout online \u2013 Empik Foto m\u016f\u017ee jej doru\u010dit p\u0159\u00edmo u\u010ditelovi nebo i na adresu \u0161koly. Je to na V\u00e1s!<\/li>\n<\/ul>\n<p style=\"text-align: center;\"><a href=\"https:\/\/www.empikfoto.cz\/skolni-kronika#nauczyciele\">Pod\u00edvejte se na d\u00e1rky pro u\u010ditele v obchodu Empik Foto!<\/a><\/p>\n<h2>Kter\u00fd fotod\u00e1rek bude nejvhodn\u011bj\u0161\u00ed pro u\u010ditele?<\/h2>\n<p>Je spousta mo\u017enost\u00ed! Pot\u0159ebujete p\u0159edev\u0161\u00edm rozhodnout, zda <strong>d\u00e1rek je jenom od V\u00e1s nebo t\u0159eba od cel\u00e9 t\u0159\u00eddy<\/strong>. Pak u\u017e v\u00edte, zda pot\u0159ebujete men\u0161\u00ed d\u00e1rek za dobrou cenu anebo se vrhnete na v\u011bt\u0161\u00ed projekt.<\/p>\n<p>Men\u0161\u00ed d\u00e1rky perfektn\u00ed pro tu p\u0159\u00edle\u017eitost jsou kup\u0159\u00edkladu:<\/p>\n<ul>\n<li><strong><a href=\"https:\/\/www.empikfoto.cz\/fotoprani\/prilezitostna-fotoprani\">personalizovan\u00e9 p\u0159\u00e1n\u00ed<\/a><\/strong> s\u00a0pozdravem a pod\u011bkov\u00e1n\u00edm \u2013 m\u016f\u017eete na ni um\u00edstit vtipnou fotku ze \u0161koln\u00edho \u017eivota a n\u00e1pis \u201eNejlep\u0161\u00ed u\u010ditel na sv\u011bt\u011b\u201c, a dovn\u00edt\u0159 napsat n\u011bkolik mil\u00fdch slov.<\/li>\n<\/ul>\n<p><a href=\"https:\/\/www.empikfoto.cz\/fotoprani\/prilezitostna-fotoprani\"><img loading=\"lazy\" decoding=\"async\" class=\"size-full wp-image-8903 aligncenter\" src=\"https:\/\/blog.empikfoto.cz\/empikfoto\/2020\/05\/dekujeme.jpg\" alt=\"\" width=\"580\" height=\"407\" srcset=\"https:\/\/www.empikfoto.cz\/blog\/empikfoto\/2020\/05\/dekujeme.jpg 580w, https:\/\/www.empikfoto.cz\/blog\/empikfoto\/2020\/05\/dekujeme-300x211.jpg 300w, https:\/\/www.empikfoto.cz\/blog\/empikfoto\/2020\/05\/dekujeme-283x198.jpg 283w, https:\/\/www.empikfoto.cz\/blog\/empikfoto\/2020\/05\/dekujeme-400x281.jpg 400w\" sizes=\"auto, (max-width: 580px) 100vw, 580px\" \/><\/a><\/p>\n<ul>\n<li><a href=\"https:\/\/www.empikfoto.cz\/fotodarky\/fotohrnky?kubek=kubek&amp;sort=default_desc&amp;hrnek=hrnek\"><strong>fotohrne\u010dek<\/strong><\/a> \u2013 co t\u0159eba s\u00a0obl\u00edbenou hl\u00e1\u0161kou Va\u0161eho u\u010ditele?<\/li>\n<\/ul>\n<p><a href=\"https:\/\/www.empikfoto.cz\/hrnek,zlate-hlasky\"><img loading=\"lazy\" decoding=\"async\" class=\"size-full wp-image-8905 aligncenter\" src=\"https:\/\/blog.empikfoto.cz\/empikfoto\/2020\/05\/hrnek.jpg\" alt=\"\" width=\"500\" height=\"400\" srcset=\"https:\/\/www.empikfoto.cz\/blog\/empikfoto\/2020\/05\/hrnek.jpg 500w, https:\/\/www.empikfoto.cz\/blog\/empikfoto\/2020\/05\/hrnek-300x240.jpg 300w, https:\/\/www.empikfoto.cz\/blog\/empikfoto\/2020\/05\/hrnek-400x320.jpg 400w\" sizes=\"auto, (max-width: 500px) 100vw, 500px\" \/><\/a><\/p>\n<ul>\n<li><strong><a href=\"https:\/\/www.empikfoto.cz\/fotodarky\/magnety\">magnetku se sn\u00edmkem<\/a> <\/strong>\u2013 nen\u00ed drah\u00e1 a je velmi praktick\u00e1. V\u00e1\u0161 u\u010ditel bude ka\u017ed\u00fd den myslet na obl\u00edben\u00e9 \u017e\u00e1ky.<\/li>\n<\/ul>\n<p>Pokud d\u00e1rek bude od cel\u00e9 t\u0159\u00eddy, i zde m\u00e1me p\u00e1r skv\u011bl\u00fdch n\u00e1pad\u016f:<\/p>\n<ul>\n<li><a href=\"https:\/\/www.empikfoto.cz\/vybaveni-interieru\/fotoobrazy?tvar=vodorovne&amp;sort=default_desc\"><strong>fotoobraz na pl\u00e1tn\u011b<\/strong><\/a> \u2013 t\u0159eba <a href=\"https:\/\/www.empikfoto.cz\/obraz,fotografie-ze-tridy\">se sn\u00edmkem cel\u00e9 t\u0159\u00eddy spolu s\u00a0t\u0159\u00eddn\u00edm u\u010ditelem<\/a>,<\/li>\n<li><a href=\"https:\/\/www.empikfoto.cz\/vybaveni-interieru\/fotoplakaty\"><strong>plak\u00e1t<\/strong><\/a> \u2013 t\u0159eba <a href=\"https:\/\/www.empikfoto.cz\/plakat,maturitni-tablo\">tablo se sn\u00edmky<\/a> v\u0161ech \u017e\u00e1k\u016f,<\/li>\n<\/ul>\n<p><a href=\"https:\/\/www.empikfoto.cz\/plakat,maturitni-tablo\"><img loading=\"lazy\" decoding=\"async\" class=\"aligncenter wp-image-8904 size-full\" src=\"https:\/\/blog.empikfoto.cz\/empikfoto\/2020\/05\/tablo-cz-matura_5ec2a0284f4f2-1.jpg\" alt=\"\" width=\"580\" height=\"412\" srcset=\"https:\/\/www.empikfoto.cz\/blog\/empikfoto\/2020\/05\/tablo-cz-matura_5ec2a0284f4f2-1.jpg 580w, https:\/\/www.empikfoto.cz\/blog\/empikfoto\/2020\/05\/tablo-cz-matura_5ec2a0284f4f2-1-300x213.jpg 300w, https:\/\/www.empikfoto.cz\/blog\/empikfoto\/2020\/05\/tablo-cz-matura_5ec2a0284f4f2-1-400x284.jpg 400w\" sizes=\"auto, (max-width: 580px) 100vw, 580px\" \/><\/a><\/p>\n<ul>\n<li><a href=\"https:\/\/www.empikfoto.cz\/fotoknihy\/temata?format=20x30\"><strong>fotokniha<\/strong><\/a> \u2013 m\u016f\u017eete navrhnout <a href=\"https:\/\/www.empikfoto.cz\/fotoknihy\/temata?format=20x30\">t\u0159\u00eddn\u00ed kroniku<\/a> plnou skv\u011bl\u00fdch p\u0159\u00edb\u011bh\u016f, vzpom\u00ednek a sn\u00edmk\u016f z\u00a0r\u016fzn\u00fdch \u0161koln\u00edch chv\u00edl,<\/li>\n<li><a href=\"https:\/\/www.empikfoto.cz\/fotodarky\/krabicky\"><strong>krabi\u010dka<\/strong><strong> na fotografie<\/strong><\/a> s\u00a0bal\u00ed\u010dkem obl\u00edben\u00fdch vzpom\u00ednek vyvolan\u00fdch na luxusn\u00edm pap\u00edru.<\/li>\n<\/ul>\n<h2>Jak objednat fotod\u00e1rek pro u\u010ditele?<\/h2>\n<p>Sta\u010d\u00ed vylo\u017een\u011b n\u011bkolik minut. Jak na to? Za\u010dn\u011bte zvolen\u00edm fotografi\u00ed, kter\u00e9 budou dekorovat V\u00e1\u0161 d\u00e1rek. Na Empik Foto m\u016f\u017eete je nahr\u00e1t p\u0159\u00edmo z\u00a0PC nebo mobilu, ale i z\u00a0Facebooku nebo Instagramu.<\/p>\n<p>Hotovo? Tak te\u010f pot\u0159ebujete:<\/p>\n<ol>\n<li>zvolit druh d\u00e1rku (nebo v\u00edce ne\u017e jeden!),<\/li>\n<li>p\u0159ipravit n\u00e1vrh pomoc\u00ed intuitivn\u00edho editoru Empik Foto (v mobilu nebo p\u0159es PC),<\/li>\n<li>zatvrdit n\u00e1vrh a rozhodnout, kolik kus\u016f chcete objednat \u2013 t\u0159eba chcete darovat mal\u00fd d\u00e1rek v\u0161em u\u010ditel\u016fm.<\/li>\n<\/ol>\n<p>Hotovo! Jakmile potvrd\u00edte objedn\u00e1vku, za\u010d\u00edn\u00e1 na\u0161e pr\u00e1ce \u2013 vytiskneme d\u00e1rky a po\u0161leme je na uvedenou v\u00a0objedn\u00e1vce adresu, klidn\u011b p\u0159\u00edmo na adresu \u0161koly!<\/p>\n<p style=\"text-align: center;\"><a href=\"https:\/\/www.empikfoto.cz\/skolni-kronika#nauczyciele\">Pod\u00edvejte se na d\u00e1rky pro u\u010ditele v obchodu Empik Foto!<\/a><\/p>\n","protected":false},"excerpt":{"rendered":"<p>\u0160koln\u00ed rok se bl\u00ed\u017e\u00ed ke konci. D\u016fle\u017eit\u00e9 jsou nejenom zn\u00e1mky na vysv\u011bd\u010den\u00ed, ale i mil\u00e9 d\u00e1rky pro u\u010ditel\u00e9. Leto\u0161n\u00ed rok byl trochu zvl\u00e1\u0161tn\u00ed, ale t\u00edm v\u00edce si na\u0161i u\u010ditel\u00e9 zaslou\u017eili hezk\u00e9 pod\u011bkov\u00e1n\u00ed za svou pr\u00e1ci. I drobn\u00fd d\u00e1rek je skv\u011bl\u00fdm zp\u016fsobem, jak vyj\u00e1d\u0159it vd\u011b\u010dnost a kladn\u00e9 emoce. P\u0159em\u00fd\u0161l\u00edte, co by bylo vhodn\u00e9? Kv\u011btina nen\u00ed jedinou volbou! Zkuste pomyslet na mali\u010dkost, kter\u00e1 p\u016fsob\u00ed dojet\u00edm a \u00fasm\u011bvem \u2013 mal\u00fd d\u00e1rek s\u00a0fotografi\u00ed. D\u00e1rky pro t\u0159\u00eddn\u00edho u\u010ditele a dal\u0161\u00ed na konec \u0161koln\u00edho roku je tradice. Mal\u00fd d\u00e1rek stoj\u00ed za to nejenom kv\u016fli tradici, je i dal\u0161\u00ed, mnohem p\u0159\u00edjemn\u011bj\u0161\u00ed d\u016fvod. Ka\u017ed\u00fd u\u010ditel bude prost\u011b r\u00e1d a pot\u011b\u0161en d\u00e1rkem vymy\u0161len\u00fdm jen pro n\u011bj. V\u00edme, \u017ee d\u00e1rek je dobr\u00fd n\u00e1pad, zb\u00fdv\u00e1 jen rozhodnout, co to bude. Kytice je univerz\u00e1ln\u00ed, dobr\u00fd n\u00e1pad, ale&#8230; rychl\u00e9 p\u0159ijde o sv\u00e9 kouzlo, proto\u017ee zvadne. Rozhodn\u011b stoj\u00ed za to uva\u017eovat o mal\u00e9m d\u00e1rku, kter\u00fd s\u00a0obl\u00edben\u00fdm u\u010ditelem z\u016fstane po del\u0161\u00ed dobu. Zde skv\u011blou volbou jsou fotod\u00e1rky! Pro\u010d? Proto\u017ee: M\u016f\u017eete zvolit praktick\u00fd p\u0159edm\u011bt, kter\u00fd u\u010ditel bude pou\u017eivat ka\u017ed\u00fd den. To znamen\u00e1, \u017ee na V\u00e1s bude myslet po del\u0161\u00ed dobu. Jsou personalizovan\u00e9, m\u016f\u017eete zvolit libovoln\u00fd sn\u00edmek. M\u016f\u017ee to b\u00fdt fotografie cel\u00e9 t\u0159\u00eddy, samotn\u00e9ho u\u010ditel\u00e9 nebo t\u0159eba sn\u00edmek z\u00a0akce, se kterou se spojuje zaj\u00edmav\u00fd p\u0159\u00edb\u011bh. M\u016f\u017eete d\u00e1rek navrhnout online \u2013 Empik Foto m\u016f\u017ee jej doru\u010dit p\u0159\u00edmo u\u010ditelovi nebo i na adresu \u0161koly. Je to na V\u00e1s! Pod\u00edvejte se na d\u00e1rky pro u\u010ditele v obchodu Empik Foto! Kter\u00fd fotod\u00e1rek bude nejvhodn\u011bj\u0161\u00ed pro u\u010ditele? Je spousta mo\u017enost\u00ed! Pot\u0159ebujete p\u0159edev\u0161\u00edm rozhodnout, zda d\u00e1rek je jenom od V\u00e1s nebo t\u0159eba od cel\u00e9 t\u0159\u00eddy. Pak u\u017e v\u00edte, zda pot\u0159ebujete men\u0161\u00ed d\u00e1rek za dobrou cenu anebo se vrhnete na v\u011bt\u0161\u00ed projekt. Men\u0161\u00ed d\u00e1rky perfektn\u00ed pro tu p\u0159\u00edle\u017eitost jsou kup\u0159\u00edkladu: personalizovan\u00e9 p\u0159\u00e1n\u00ed s\u00a0pozdravem a pod\u011bkov\u00e1n\u00edm \u2013 m\u016f\u017eete na ni um\u00edstit vtipnou fotku ze \u0161koln\u00edho \u017eivota a n\u00e1pis \u201eNejlep\u0161\u00ed u\u010ditel na sv\u011bt\u011b\u201c, a dovn\u00edt\u0159 napsat n\u011bkolik mil\u00fdch slov. fotohrne\u010dek \u2013 co t\u0159eba s\u00a0obl\u00edbenou hl\u00e1\u0161kou Va\u0161eho u\u010ditele? magnetku se sn\u00edmkem \u2013 nen\u00ed drah\u00e1 a je velmi praktick\u00e1. V\u00e1\u0161 u\u010ditel bude ka\u017ed\u00fd den myslet na obl\u00edben\u00e9 \u017e\u00e1ky. Pokud d\u00e1rek bude od cel\u00e9 t\u0159\u00eddy, i zde m\u00e1me p\u00e1r skv\u011bl\u00fdch n\u00e1pad\u016f: fotoobraz na pl\u00e1tn\u011b \u2013 t\u0159eba se sn\u00edmkem cel\u00e9 t\u0159\u00eddy spolu s\u00a0t\u0159\u00eddn\u00edm u\u010ditelem, plak\u00e1t \u2013 t\u0159eba tablo se sn\u00edmky v\u0161ech \u017e\u00e1k\u016f, fotokniha \u2013 m\u016f\u017eete navrhnout t\u0159\u00eddn\u00ed kroniku plnou skv\u011bl\u00fdch p\u0159\u00edb\u011bh\u016f, vzpom\u00ednek a sn\u00edmk\u016f z\u00a0r\u016fzn\u00fdch \u0161koln\u00edch chv\u00edl, krabi\u010dka na fotografie s\u00a0bal\u00ed\u010dkem obl\u00edben\u00fdch vzpom\u00ednek vyvolan\u00fdch na luxusn\u00edm pap\u00edru. Jak objednat fotod\u00e1rek pro u\u010ditele? Sta\u010d\u00ed vylo\u017een\u011b n\u011bkolik minut. Jak na to? Za\u010dn\u011bte zvolen\u00edm fotografi\u00ed, kter\u00e9 budou dekorovat V\u00e1\u0161 d\u00e1rek. Na Empik Foto m\u016f\u017eete je nahr\u00e1t p\u0159\u00edmo z\u00a0PC nebo mobilu, ale i z\u00a0Facebooku nebo Instagramu. Hotovo? Tak te\u010f pot\u0159ebujete: zvolit druh d\u00e1rku (nebo v\u00edce ne\u017e jeden!), p\u0159ipravit n\u00e1vrh pomoc\u00ed intuitivn\u00edho editoru Empik Foto (v mobilu nebo p\u0159es PC), zatvrdit n\u00e1vrh a rozhodnout, kolik kus\u016f chcete objednat \u2013 t\u0159eba chcete darovat mal\u00fd d\u00e1rek v\u0161em u\u010ditel\u016fm. Hotovo! Jakmile potvrd\u00edte objedn\u00e1vku, za\u010d\u00edn\u00e1 na\u0161e pr\u00e1ce \u2013 vytiskneme d\u00e1rky a po\u0161leme je na uvedenou v\u00a0objedn\u00e1vce adresu, klidn\u011b p\u0159\u00edmo na adresu \u0161koly! Pod\u00edvejte se na d\u00e1rky pro u\u010ditele v obchodu Empik Foto!<\/p>\n","protected":false},"author":26,"featured_media":8900,"comment_status":"open","ping_status":"closed","sticky":false,"template":"","format":"standard","meta":{"footnotes":""},"categories":[786],"tags":[],"class_list":["post-8899","post","type-post","status-publish","format-standard","has-post-thumbnail","hentry","category-inspiracje"],"yoast_head":"<!-- This site is optimized with the Yoast SEO plugin v23.2 - https:\/\/yoast.com\/wordpress\/plugins\/seo\/ -->\n<title>Co Darovat U\u010diteli Na Konec \u0160koln\u00edho Roku? | blog.empikfoto.cz<\/title>\n<meta name=\"robots\" content=\"index, follow, max-snippet:-1, max-image-preview:large, max-video-preview:-1\" \/>\n<link rel=\"canonical\" href=\"https:\/\/www.empikfoto.cz\/blog\/darovat-uciteli-konec-skolniho-roku\/\" \/>\n<meta property=\"og:locale\" content=\"pl_PL\" \/>\n<meta property=\"og:type\" content=\"article\" \/>\n<meta property=\"og:title\" content=\"Co Darovat U\u010diteli Na Konec \u0160koln\u00edho Roku? | blog.empikfoto.cz\" \/>\n<meta property=\"og:description\" content=\"\u0160koln\u00ed rok se bl\u00ed\u017e\u00ed ke konci. D\u016fle\u017eit\u00e9 jsou nejenom zn\u00e1mky na vysv\u011bd\u010den\u00ed, ale i mil\u00e9 d\u00e1rky pro u\u010ditel\u00e9. Leto\u0161n\u00ed rok byl trochu zvl\u00e1\u0161tn\u00ed, ale t\u00edm v\u00edce si na\u0161i u\u010ditel\u00e9 zaslou\u017eili hezk\u00e9 pod\u011bkov\u00e1n\u00ed za svou pr\u00e1ci. I drobn\u00fd d\u00e1rek je skv\u011bl\u00fdm zp\u016fsobem, jak vyj\u00e1d\u0159it vd\u011b\u010dnost a kladn\u00e9 emoce. P\u0159em\u00fd\u0161l\u00edte, co by bylo vhodn\u00e9? Kv\u011btina nen\u00ed jedinou volbou! Zkuste pomyslet na mali\u010dkost, kter\u00e1 p\u016fsob\u00ed dojet\u00edm a \u00fasm\u011bvem \u2013 mal\u00fd d\u00e1rek s\u00a0fotografi\u00ed. D\u00e1rky pro t\u0159\u00eddn\u00edho u\u010ditele a dal\u0161\u00ed na konec \u0161koln\u00edho roku je tradice. Mal\u00fd d\u00e1rek stoj\u00ed za to nejenom kv\u016fli tradici, je i dal\u0161\u00ed, mnohem p\u0159\u00edjemn\u011bj\u0161\u00ed d\u016fvod. Ka\u017ed\u00fd u\u010ditel bude prost\u011b r\u00e1d a pot\u011b\u0161en d\u00e1rkem vymy\u0161len\u00fdm jen pro n\u011bj. V\u00edme, \u017ee d\u00e1rek je dobr\u00fd n\u00e1pad, zb\u00fdv\u00e1 jen rozhodnout, co to bude. Kytice je univerz\u00e1ln\u00ed, dobr\u00fd n\u00e1pad, ale&#8230; rychl\u00e9 p\u0159ijde o sv\u00e9 kouzlo, proto\u017ee zvadne. Rozhodn\u011b stoj\u00ed za to uva\u017eovat o mal\u00e9m d\u00e1rku, kter\u00fd s\u00a0obl\u00edben\u00fdm u\u010ditelem z\u016fstane po del\u0161\u00ed dobu. Zde skv\u011blou volbou jsou fotod\u00e1rky! Pro\u010d? Proto\u017ee: M\u016f\u017eete zvolit praktick\u00fd p\u0159edm\u011bt, kter\u00fd u\u010ditel bude pou\u017eivat ka\u017ed\u00fd den. To znamen\u00e1, \u017ee na V\u00e1s bude myslet po del\u0161\u00ed dobu. Jsou personalizovan\u00e9, m\u016f\u017eete zvolit libovoln\u00fd sn\u00edmek. M\u016f\u017ee to b\u00fdt fotografie cel\u00e9 t\u0159\u00eddy, samotn\u00e9ho u\u010ditel\u00e9 nebo t\u0159eba sn\u00edmek z\u00a0akce, se kterou se spojuje zaj\u00edmav\u00fd p\u0159\u00edb\u011bh. M\u016f\u017eete d\u00e1rek navrhnout online \u2013 Empik Foto m\u016f\u017ee jej doru\u010dit p\u0159\u00edmo u\u010ditelovi nebo i na adresu \u0161koly. Je to na V\u00e1s! Pod\u00edvejte se na d\u00e1rky pro u\u010ditele v obchodu Empik Foto! Kter\u00fd fotod\u00e1rek bude nejvhodn\u011bj\u0161\u00ed pro u\u010ditele? Je spousta mo\u017enost\u00ed! Pot\u0159ebujete p\u0159edev\u0161\u00edm rozhodnout, zda d\u00e1rek je jenom od V\u00e1s nebo t\u0159eba od cel\u00e9 t\u0159\u00eddy. Pak u\u017e v\u00edte, zda pot\u0159ebujete men\u0161\u00ed d\u00e1rek za dobrou cenu anebo se vrhnete na v\u011bt\u0161\u00ed projekt. Men\u0161\u00ed d\u00e1rky perfektn\u00ed pro tu p\u0159\u00edle\u017eitost jsou kup\u0159\u00edkladu: personalizovan\u00e9 p\u0159\u00e1n\u00ed s\u00a0pozdravem a pod\u011bkov\u00e1n\u00edm \u2013 m\u016f\u017eete na ni um\u00edstit vtipnou fotku ze \u0161koln\u00edho \u017eivota a n\u00e1pis \u201eNejlep\u0161\u00ed u\u010ditel na sv\u011bt\u011b\u201c, a dovn\u00edt\u0159 napsat n\u011bkolik mil\u00fdch slov. fotohrne\u010dek \u2013 co t\u0159eba s\u00a0obl\u00edbenou hl\u00e1\u0161kou Va\u0161eho u\u010ditele? magnetku se sn\u00edmkem \u2013 nen\u00ed drah\u00e1 a je velmi praktick\u00e1. V\u00e1\u0161 u\u010ditel bude ka\u017ed\u00fd den myslet na obl\u00edben\u00e9 \u017e\u00e1ky. Pokud d\u00e1rek bude od cel\u00e9 t\u0159\u00eddy, i zde m\u00e1me p\u00e1r skv\u011bl\u00fdch n\u00e1pad\u016f: fotoobraz na pl\u00e1tn\u011b \u2013 t\u0159eba se sn\u00edmkem cel\u00e9 t\u0159\u00eddy spolu s\u00a0t\u0159\u00eddn\u00edm u\u010ditelem, plak\u00e1t \u2013 t\u0159eba tablo se sn\u00edmky v\u0161ech \u017e\u00e1k\u016f, fotokniha \u2013 m\u016f\u017eete navrhnout t\u0159\u00eddn\u00ed kroniku plnou skv\u011bl\u00fdch p\u0159\u00edb\u011bh\u016f, vzpom\u00ednek a sn\u00edmk\u016f z\u00a0r\u016fzn\u00fdch \u0161koln\u00edch chv\u00edl, krabi\u010dka na fotografie s\u00a0bal\u00ed\u010dkem obl\u00edben\u00fdch vzpom\u00ednek vyvolan\u00fdch na luxusn\u00edm pap\u00edru. Jak objednat fotod\u00e1rek pro u\u010ditele? Sta\u010d\u00ed vylo\u017een\u011b n\u011bkolik minut. Jak na to? Za\u010dn\u011bte zvolen\u00edm fotografi\u00ed, kter\u00e9 budou dekorovat V\u00e1\u0161 d\u00e1rek. Na Empik Foto m\u016f\u017eete je nahr\u00e1t p\u0159\u00edmo z\u00a0PC nebo mobilu, ale i z\u00a0Facebooku nebo Instagramu. Hotovo? Tak te\u010f pot\u0159ebujete: zvolit druh d\u00e1rku (nebo v\u00edce ne\u017e jeden!), p\u0159ipravit n\u00e1vrh pomoc\u00ed intuitivn\u00edho editoru Empik Foto (v mobilu nebo p\u0159es PC), zatvrdit n\u00e1vrh a rozhodnout, kolik kus\u016f chcete objednat \u2013 t\u0159eba chcete darovat mal\u00fd d\u00e1rek v\u0161em u\u010ditel\u016fm. Hotovo! Jakmile potvrd\u00edte objedn\u00e1vku, za\u010d\u00edn\u00e1 na\u0161e pr\u00e1ce \u2013 vytiskneme d\u00e1rky a po\u0161leme je na uvedenou v\u00a0objedn\u00e1vce adresu, klidn\u011b p\u0159\u00edmo na adresu \u0161koly! Pod\u00edvejte se na d\u00e1rky pro u\u010ditele v obchodu Empik Foto!\" \/>\n<meta property=\"og:url\" content=\"https:\/\/www.empikfoto.cz\/blog\/darovat-uciteli-konec-skolniho-roku\/\" \/>\n<meta property=\"og:site_name\" content=\"blog.empikfoto.cz\" \/>\n<meta property=\"article:publisher\" content=\"https:\/\/www.facebook.com\/empikfotocz\/\" \/>\n<meta property=\"article:published_time\" content=\"2020-05-22T09:26:49+00:00\" \/>\n<meta property=\"article:modified_time\" content=\"2021-06-29T14:20:42+00:00\" \/>\n<meta property=\"og:image\" content=\"https:\/\/www.empikfoto.cz\/blog\/empikfoto\/2020\/05\/nauczyciel.jpg\" \/>\n\t<meta property=\"og:image:width\" content=\"5616\" \/>\n\t<meta property=\"og:image:height\" content=\"3744\" \/>\n\t<meta property=\"og:image:type\" content=\"image\/jpeg\" \/>\n<meta name=\"author\" content=\"psiminska\" \/>\n<meta name=\"twitter:card\" content=\"summary_large_image\" \/>\n<meta name=\"twitter:label1\" content=\"Napisane przez\" \/>\n\t<meta name=\"twitter:data1\" content=\"psiminska\" \/>\n\t<meta name=\"twitter:label2\" content=\"Szacowany czas czytania\" \/>\n\t<meta name=\"twitter:data2\" content=\"4 minuty\" \/>\n<script type=\"application\/ld+json\" class=\"yoast-schema-graph\">{\"@context\":\"https:\/\/schema.org\",\"@graph\":[{\"@type\":\"WebPage\",\"@id\":\"https:\/\/www.empikfoto.cz\/blog\/darovat-uciteli-konec-skolniho-roku\/\",\"url\":\"https:\/\/www.empikfoto.cz\/blog\/darovat-uciteli-konec-skolniho-roku\/\",\"name\":\"Co Darovat U\u010diteli Na Konec \u0160koln\u00edho Roku? | blog.empikfoto.cz\",\"isPartOf\":{\"@id\":\"https:\/\/www.empikfoto.cz\/blog\/#website\"},\"primaryImageOfPage\":{\"@id\":\"https:\/\/www.empikfoto.cz\/blog\/darovat-uciteli-konec-skolniho-roku\/#primaryimage\"},\"image\":{\"@id\":\"https:\/\/www.empikfoto.cz\/blog\/darovat-uciteli-konec-skolniho-roku\/#primaryimage\"},\"thumbnailUrl\":\"https:\/\/www.empikfoto.cz\/blog\/empikfoto\/2020\/05\/nauczyciel.jpg\",\"datePublished\":\"2020-05-22T09:26:49+00:00\",\"dateModified\":\"2021-06-29T14:20:42+00:00\",\"author\":{\"@id\":\"https:\/\/www.empikfoto.cz\/blog\/#\/schema\/person\/41d01048954a162f15ae53c24d7c1090\"},\"breadcrumb\":{\"@id\":\"https:\/\/www.empikfoto.cz\/blog\/darovat-uciteli-konec-skolniho-roku\/#breadcrumb\"},\"inLanguage\":\"pl-PL\",\"potentialAction\":[{\"@type\":\"ReadAction\",\"target\":[\"https:\/\/www.empikfoto.cz\/blog\/darovat-uciteli-konec-skolniho-roku\/\"]}]},{\"@type\":\"ImageObject\",\"inLanguage\":\"pl-PL\",\"@id\":\"https:\/\/www.empikfoto.cz\/blog\/darovat-uciteli-konec-skolniho-roku\/#primaryimage\",\"url\":\"https:\/\/www.empikfoto.cz\/blog\/empikfoto\/2020\/05\/nauczyciel.jpg\",\"contentUrl\":\"https:\/\/www.empikfoto.cz\/blog\/empikfoto\/2020\/05\/nauczyciel.jpg\",\"width\":5616,\"height\":3744},{\"@type\":\"BreadcrumbList\",\"@id\":\"https:\/\/www.empikfoto.cz\/blog\/darovat-uciteli-konec-skolniho-roku\/#breadcrumb\",\"itemListElement\":[{\"@type\":\"ListItem\",\"position\":1,\"name\":\"Strona g\u0142\u00f3wna\",\"item\":\"https:\/\/www.empikfoto.cz\/blog\/\"},{\"@type\":\"ListItem\",\"position\":2,\"name\":\"Co Darovat U\u010diteli Na Konec \u0160koln\u00edho Roku?\"}]},{\"@type\":\"WebSite\",\"@id\":\"https:\/\/www.empikfoto.cz\/blog\/#website\",\"url\":\"https:\/\/www.empikfoto.cz\/blog\/\",\"name\":\"blog.empikfoto.cz\",\"description\":\"Nechte se inspirovat a darujte vzpom\u00ednky\",\"potentialAction\":[{\"@type\":\"SearchAction\",\"target\":{\"@type\":\"EntryPoint\",\"urlTemplate\":\"https:\/\/www.empikfoto.cz\/blog\/?s={search_term_string}\"},\"query-input\":\"required name=search_term_string\"}],\"inLanguage\":\"pl-PL\"},{\"@type\":\"Person\",\"@id\":\"https:\/\/www.empikfoto.cz\/blog\/#\/schema\/person\/41d01048954a162f15ae53c24d7c1090\",\"name\":\"psiminska\",\"image\":{\"@type\":\"ImageObject\",\"inLanguage\":\"pl-PL\",\"@id\":\"https:\/\/www.empikfoto.cz\/blog\/#\/schema\/person\/image\/\",\"url\":\"https:\/\/secure.gravatar.com\/avatar\/29cbfcadf09df91274ba2df8bd6fc557?s=96&d=identicon&r=g\",\"contentUrl\":\"https:\/\/secure.gravatar.com\/avatar\/29cbfcadf09df91274ba2df8bd6fc557?s=96&d=identicon&r=g\",\"caption\":\"psiminska\"},\"url\":\"https:\/\/www.empikfoto.cz\/blog\/author\/psiminska\/\"}]}<\/script>\n<!-- \/ Yoast SEO plugin. -->","yoast_head_json":{"title":"Co Darovat U\u010diteli Na Konec \u0160koln\u00edho Roku? | blog.empikfoto.cz","robots":{"index":"index","follow":"follow","max-snippet":"max-snippet:-1","max-image-preview":"max-image-preview:large","max-video-preview":"max-video-preview:-1"},"canonical":"https:\/\/www.empikfoto.cz\/blog\/darovat-uciteli-konec-skolniho-roku\/","og_locale":"pl_PL","og_type":"article","og_title":"Co Darovat U\u010diteli Na Konec \u0160koln\u00edho Roku? | blog.empikfoto.cz","og_description":"\u0160koln\u00ed rok se bl\u00ed\u017e\u00ed ke konci. D\u016fle\u017eit\u00e9 jsou nejenom zn\u00e1mky na vysv\u011bd\u010den\u00ed, ale i mil\u00e9 d\u00e1rky pro u\u010ditel\u00e9. Leto\u0161n\u00ed rok byl trochu zvl\u00e1\u0161tn\u00ed, ale t\u00edm v\u00edce si na\u0161i u\u010ditel\u00e9 zaslou\u017eili hezk\u00e9 pod\u011bkov\u00e1n\u00ed za svou pr\u00e1ci. I drobn\u00fd d\u00e1rek je skv\u011bl\u00fdm zp\u016fsobem, jak vyj\u00e1d\u0159it vd\u011b\u010dnost a kladn\u00e9 emoce. P\u0159em\u00fd\u0161l\u00edte, co by bylo vhodn\u00e9? Kv\u011btina nen\u00ed jedinou volbou! Zkuste pomyslet na mali\u010dkost, kter\u00e1 p\u016fsob\u00ed dojet\u00edm a \u00fasm\u011bvem \u2013 mal\u00fd d\u00e1rek s\u00a0fotografi\u00ed. D\u00e1rky pro t\u0159\u00eddn\u00edho u\u010ditele a dal\u0161\u00ed na konec \u0161koln\u00edho roku je tradice. Mal\u00fd d\u00e1rek stoj\u00ed za to nejenom kv\u016fli tradici, je i dal\u0161\u00ed, mnohem p\u0159\u00edjemn\u011bj\u0161\u00ed d\u016fvod. Ka\u017ed\u00fd u\u010ditel bude prost\u011b r\u00e1d a pot\u011b\u0161en d\u00e1rkem vymy\u0161len\u00fdm jen pro n\u011bj. V\u00edme, \u017ee d\u00e1rek je dobr\u00fd n\u00e1pad, zb\u00fdv\u00e1 jen rozhodnout, co to bude. Kytice je univerz\u00e1ln\u00ed, dobr\u00fd n\u00e1pad, ale&#8230; rychl\u00e9 p\u0159ijde o sv\u00e9 kouzlo, proto\u017ee zvadne. Rozhodn\u011b stoj\u00ed za to uva\u017eovat o mal\u00e9m d\u00e1rku, kter\u00fd s\u00a0obl\u00edben\u00fdm u\u010ditelem z\u016fstane po del\u0161\u00ed dobu. Zde skv\u011blou volbou jsou fotod\u00e1rky! Pro\u010d? Proto\u017ee: M\u016f\u017eete zvolit praktick\u00fd p\u0159edm\u011bt, kter\u00fd u\u010ditel bude pou\u017eivat ka\u017ed\u00fd den. To znamen\u00e1, \u017ee na V\u00e1s bude myslet po del\u0161\u00ed dobu. Jsou personalizovan\u00e9, m\u016f\u017eete zvolit libovoln\u00fd sn\u00edmek. M\u016f\u017ee to b\u00fdt fotografie cel\u00e9 t\u0159\u00eddy, samotn\u00e9ho u\u010ditel\u00e9 nebo t\u0159eba sn\u00edmek z\u00a0akce, se kterou se spojuje zaj\u00edmav\u00fd p\u0159\u00edb\u011bh. M\u016f\u017eete d\u00e1rek navrhnout online \u2013 Empik Foto m\u016f\u017ee jej doru\u010dit p\u0159\u00edmo u\u010ditelovi nebo i na adresu \u0161koly. Je to na V\u00e1s! Pod\u00edvejte se na d\u00e1rky pro u\u010ditele v obchodu Empik Foto! Kter\u00fd fotod\u00e1rek bude nejvhodn\u011bj\u0161\u00ed pro u\u010ditele? Je spousta mo\u017enost\u00ed! Pot\u0159ebujete p\u0159edev\u0161\u00edm rozhodnout, zda d\u00e1rek je jenom od V\u00e1s nebo t\u0159eba od cel\u00e9 t\u0159\u00eddy. Pak u\u017e v\u00edte, zda pot\u0159ebujete men\u0161\u00ed d\u00e1rek za dobrou cenu anebo se vrhnete na v\u011bt\u0161\u00ed projekt. Men\u0161\u00ed d\u00e1rky perfektn\u00ed pro tu p\u0159\u00edle\u017eitost jsou kup\u0159\u00edkladu: personalizovan\u00e9 p\u0159\u00e1n\u00ed s\u00a0pozdravem a pod\u011bkov\u00e1n\u00edm \u2013 m\u016f\u017eete na ni um\u00edstit vtipnou fotku ze \u0161koln\u00edho \u017eivota a n\u00e1pis \u201eNejlep\u0161\u00ed u\u010ditel na sv\u011bt\u011b\u201c, a dovn\u00edt\u0159 napsat n\u011bkolik mil\u00fdch slov. fotohrne\u010dek \u2013 co t\u0159eba s\u00a0obl\u00edbenou hl\u00e1\u0161kou Va\u0161eho u\u010ditele? magnetku se sn\u00edmkem \u2013 nen\u00ed drah\u00e1 a je velmi praktick\u00e1. V\u00e1\u0161 u\u010ditel bude ka\u017ed\u00fd den myslet na obl\u00edben\u00e9 \u017e\u00e1ky. Pokud d\u00e1rek bude od cel\u00e9 t\u0159\u00eddy, i zde m\u00e1me p\u00e1r skv\u011bl\u00fdch n\u00e1pad\u016f: fotoobraz na pl\u00e1tn\u011b \u2013 t\u0159eba se sn\u00edmkem cel\u00e9 t\u0159\u00eddy spolu s\u00a0t\u0159\u00eddn\u00edm u\u010ditelem, plak\u00e1t \u2013 t\u0159eba tablo se sn\u00edmky v\u0161ech \u017e\u00e1k\u016f, fotokniha \u2013 m\u016f\u017eete navrhnout t\u0159\u00eddn\u00ed kroniku plnou skv\u011bl\u00fdch p\u0159\u00edb\u011bh\u016f, vzpom\u00ednek a sn\u00edmk\u016f z\u00a0r\u016fzn\u00fdch \u0161koln\u00edch chv\u00edl, krabi\u010dka na fotografie s\u00a0bal\u00ed\u010dkem obl\u00edben\u00fdch vzpom\u00ednek vyvolan\u00fdch na luxusn\u00edm pap\u00edru. Jak objednat fotod\u00e1rek pro u\u010ditele? Sta\u010d\u00ed vylo\u017een\u011b n\u011bkolik minut. Jak na to? Za\u010dn\u011bte zvolen\u00edm fotografi\u00ed, kter\u00e9 budou dekorovat V\u00e1\u0161 d\u00e1rek. Na Empik Foto m\u016f\u017eete je nahr\u00e1t p\u0159\u00edmo z\u00a0PC nebo mobilu, ale i z\u00a0Facebooku nebo Instagramu. Hotovo? Tak te\u010f pot\u0159ebujete: zvolit druh d\u00e1rku (nebo v\u00edce ne\u017e jeden!), p\u0159ipravit n\u00e1vrh pomoc\u00ed intuitivn\u00edho editoru Empik Foto (v mobilu nebo p\u0159es PC), zatvrdit n\u00e1vrh a rozhodnout, kolik kus\u016f chcete objednat \u2013 t\u0159eba chcete darovat mal\u00fd d\u00e1rek v\u0161em u\u010ditel\u016fm. Hotovo! Jakmile potvrd\u00edte objedn\u00e1vku, za\u010d\u00edn\u00e1 na\u0161e pr\u00e1ce \u2013 vytiskneme d\u00e1rky a po\u0161leme je na uvedenou v\u00a0objedn\u00e1vce adresu, klidn\u011b p\u0159\u00edmo na adresu \u0161koly! Pod\u00edvejte se na d\u00e1rky pro u\u010ditele v obchodu Empik Foto!","og_url":"https:\/\/www.empikfoto.cz\/blog\/darovat-uciteli-konec-skolniho-roku\/","og_site_name":"blog.empikfoto.cz","article_publisher":"https:\/\/www.facebook.com\/empikfotocz\/","article_published_time":"2020-05-22T09:26:49+00:00","article_modified_time":"2021-06-29T14:20:42+00:00","og_image":[{"width":5616,"height":3744,"url":"https:\/\/www.empikfoto.cz\/blog\/empikfoto\/2020\/05\/nauczyciel.jpg","type":"image\/jpeg"}],"author":"psiminska","twitter_card":"summary_large_image","twitter_misc":{"Napisane przez":"psiminska","Szacowany czas czytania":"4 minuty"},"schema":{"@context":"https:\/\/schema.org","@graph":[{"@type":"WebPage","@id":"https:\/\/www.empikfoto.cz\/blog\/darovat-uciteli-konec-skolniho-roku\/","url":"https:\/\/www.empikfoto.cz\/blog\/darovat-uciteli-konec-skolniho-roku\/","name":"Co Darovat U\u010diteli Na Konec \u0160koln\u00edho Roku? | blog.empikfoto.cz","isPartOf":{"@id":"https:\/\/www.empikfoto.cz\/blog\/#website"},"primaryImageOfPage":{"@id":"https:\/\/www.empikfoto.cz\/blog\/darovat-uciteli-konec-skolniho-roku\/#primaryimage"},"image":{"@id":"https:\/\/www.empikfoto.cz\/blog\/darovat-uciteli-konec-skolniho-roku\/#primaryimage"},"thumbnailUrl":"https:\/\/www.empikfoto.cz\/blog\/empikfoto\/2020\/05\/nauczyciel.jpg","datePublished":"2020-05-22T09:26:49+00:00","dateModified":"2021-06-29T14:20:42+00:00","author":{"@id":"https:\/\/www.empikfoto.cz\/blog\/#\/schema\/person\/41d01048954a162f15ae53c24d7c1090"},"breadcrumb":{"@id":"https:\/\/www.empikfoto.cz\/blog\/darovat-uciteli-konec-skolniho-roku\/#breadcrumb"},"inLanguage":"pl-PL","potentialAction":[{"@type":"ReadAction","target":["https:\/\/www.empikfoto.cz\/blog\/darovat-uciteli-konec-skolniho-roku\/"]}]},{"@type":"ImageObject","inLanguage":"pl-PL","@id":"https:\/\/www.empikfoto.cz\/blog\/darovat-uciteli-konec-skolniho-roku\/#primaryimage","url":"https:\/\/www.empikfoto.cz\/blog\/empikfoto\/2020\/05\/nauczyciel.jpg","contentUrl":"https:\/\/www.empikfoto.cz\/blog\/empikfoto\/2020\/05\/nauczyciel.jpg","width":5616,"height":3744},{"@type":"BreadcrumbList","@id":"https:\/\/www.empikfoto.cz\/blog\/darovat-uciteli-konec-skolniho-roku\/#breadcrumb","itemListElement":[{"@type":"ListItem","position":1,"name":"Strona g\u0142\u00f3wna","item":"https:\/\/www.empikfoto.cz\/blog\/"},{"@type":"ListItem","position":2,"name":"Co Darovat U\u010diteli Na Konec \u0160koln\u00edho Roku?"}]},{"@type":"WebSite","@id":"https:\/\/www.empikfoto.cz\/blog\/#website","url":"https:\/\/www.empikfoto.cz\/blog\/","name":"blog.empikfoto.cz","description":"Nechte se inspirovat a darujte vzpom\u00ednky","potentialAction":[{"@type":"SearchAction","target":{"@type":"EntryPoint","urlTemplate":"https:\/\/www.empikfoto.cz\/blog\/?s={search_term_string}"},"query-input":"required name=search_term_string"}],"inLanguage":"pl-PL"},{"@type":"Person","@id":"https:\/\/www.empikfoto.cz\/blog\/#\/schema\/person\/41d01048954a162f15ae53c24d7c1090","name":"psiminska","image":{"@type":"ImageObject","inLanguage":"pl-PL","@id":"https:\/\/www.empikfoto.cz\/blog\/#\/schema\/person\/image\/","url":"https:\/\/secure.gravatar.com\/avatar\/29cbfcadf09df91274ba2df8bd6fc557?s=96&d=identicon&r=g","contentUrl":"https:\/\/secure.gravatar.com\/avatar\/29cbfcadf09df91274ba2df8bd6fc557?s=96&d=identicon&r=g","caption":"psiminska"},"url":"https:\/\/www.empikfoto.cz\/blog\/author\/psiminska\/"}]}},"_links":{"self":[{"href":"https:\/\/www.empikfoto.cz\/blog\/wp-json\/wp\/v2\/posts\/8899","targetHints":{"allow":["GET"]}}],"collection":[{"href":"https:\/\/www.empikfoto.cz\/blog\/wp-json\/wp\/v2\/posts"}],"about":[{"href":"https:\/\/www.empikfoto.cz\/blog\/wp-json\/wp\/v2\/types\/post"}],"author":[{"embeddable":true,"href":"https:\/\/www.empikfoto.cz\/blog\/wp-json\/wp\/v2\/users\/26"}],"replies":[{"embeddable":true,"href":"https:\/\/www.empikfoto.cz\/blog\/wp-json\/wp\/v2\/comments?post=8899"}],"version-history":[{"count":6,"href":"https:\/\/www.empikfoto.cz\/blog\/wp-json\/wp\/v2\/posts\/8899\/revisions"}],"predecessor-version":[{"id":8967,"href":"https:\/\/www.empikfoto.cz\/blog\/wp-json\/wp\/v2\/posts\/8899\/revisions\/8967"}],"wp:featuredmedia":[{"embeddable":true,"href":"https:\/\/www.empikfoto.cz\/blog\/wp-json\/wp\/v2\/media\/8900"}],"wp:attachment":[{"href":"https:\/\/www.empikfoto.cz\/blog\/wp-json\/wp\/v2\/media?parent=8899"}],"wp:term":[{"taxonomy":"category","embeddable":true,"href":"https:\/\/www.empikfoto.cz\/blog\/wp-json\/wp\/v2\/categories?post=8899"},{"taxonomy":"post_tag","embeddable":true,"href":"https:\/\/www.empikfoto.cz\/blog\/wp-json\/wp\/v2\/tags?post=8899"}],"curies":[{"name":"wp","href":"https:\/\/api.w.org\/{rel}","templated":true}]}}