{"id":9041,"date":"2021-05-13T22:38:55","date_gmt":"2021-05-13T20:38:55","guid":{"rendered":"https:\/\/blog.empikfoto.cz\/?p=9041"},"modified":"2021-07-22T23:27:45","modified_gmt":"2021-07-22T21:27:45","slug":"kreativni-napady-motivy-oslavu-17-narozenin","status":"publish","type":"post","link":"https:\/\/www.empikfoto.cz\/blog\/kreativni-napady-motivy-oslavu-17-narozenin\/","title":{"rendered":"Kreativn\u00ed n\u00e1pady a motivy na oslavu 17. narozenin"},"content":{"rendered":"<p><span style=\"font-weight: 400;\">Jako t\u00e9m\u011b\u0159 sedmn\u00e1ctilet\u00fd chcete, aby va\u0161e p\u0159\u00ed\u0161t\u00ed oslava narozenin byla vzru\u0161uj\u00edc\u00ed, skoro dosp\u011bl\u00e1 a nezapomenuteln\u00e1. Pokud se jedn\u00e1 o oslavy narozenin dosp\u00edvaj\u00edc\u00edch, sedmn\u00e1ct\u00e9 jsou \u010dasto opom\u00edjeny. Je pravda, \u017ee tento v\u011bk je\u0161t\u011b po\u0159\u00e1d nen\u00ed ten velk\u00fd dosp\u011bl\u00fd. St\u00e1le si v\u0161ak opr\u00e1vn\u011bn\u011b zaslou\u017e\u00ed po\u0159\u00e1dnou narozeninovou extravaganci.<\/span><\/p>\n<p><span style=\"font-weight: 400;\">Je to posledn\u00ed rok va\u0161eho ofici\u00e1ln\u00edho d\u011btstv\u00ed, ne\u017e v\u00e1s leg\u00e1ln\u011b uznaj\u00ed dosp\u011bl\u00fdm se v\u0161emi pr\u00e1vy a povinnostmi. Nyn\u00ed, v\u00edce ne\u017e kdy jindy, m\u016f\u017ee b\u00fdt ta doba ve va\u0161em \u017eivot\u011b, kdy si p\u0159ejete, abyste byli o rok star\u0161\u00ed. Mo\u017en\u00e1 v\u00e1s \u017e\u00e1dn\u00e9 dobr\u00e9 n\u00e1pady na oslavu 17. narozenin nenapadaj\u00ed. Tyto n\u00e1pady na oslavu 17. narozenin ukazuj\u00ed, \u017ee ve va\u0161em \u017eivot\u011b nast\u00e1v\u00e1 doba zm\u011bn a tak\u00e9 v\u00e1m umo\u017en\u00ed pobavit se po\u0159\u00e1d je\u0161t\u011b jako mladistv\u00fd; nejlep\u0161\u00ed z obou sv\u011bt\u016f. Existuje spousta r\u016fzn\u00fdch zp\u016fsob\u016f, jak oslavit sv\u00e9 narozeniny. Prozkoumejte na\u0161e n\u00e1pady a z\u00edskejte p\u0159ehled o tom, co d\u011blat na oslav\u011b 17. narozenin, kterou si ka\u017ed\u00fd zapamatuje.<\/span><!--more--><\/p>\n<h2><span style=\"font-weight: 400;\">Co d\u011blat na oslavu 17. narozenin<\/span><\/h2>\n<p><span style=\"font-weight: 400;\">Oslava 17. narozenin by m\u011bla b\u00fdt <a href=\"https:\/\/www.empikfoto.cz\/fotografie,fotografie-retro\">sofistikovan\u00e1 a z\u00e1bavn\u00e1<\/a>. Za\u010dn\u011bte po\u0159\u00e1dn\u00fdm brainstormingem. Prvn\u00ed v\u011bc\u00ed, kterou je t\u0159eba zv\u00e1\u017eit, je typ oslavy. Jak form\u00e1ln\u00ed nebo neform\u00e1ln\u00ed m\u00e1 b\u00fdt va\u0161e party? Kl\u00ed\u010dem je vybrat pr\u00e1v\u011b to, co zd\u016fraz\u0148uje, kdo jste nebo jak\u00e9 m\u00e1te z\u00e1jmy. P\u0159em\u00fd\u0161lejte o stylu akce, kter\u00e1 by uk\u00e1zala va\u0161i jedine\u010dnou osobnost. Pokud jste pohod\u00e1\u0159, bude se v\u00e1m ur\u010dit\u011b v\u00edc zamlouvat dom\u00e1c\u00ed oslava u v\u00e1s. Jste dobrodru\u017en\u00fd typ? Pak uspo\u0159\u00e1dejte oslavu n\u011bkde daleko a pozv\u011bte sv\u00e9 nejbli\u017e\u0161\u00ed p\u0159\u00e1tele. Nejlep\u0161\u00ed na tom je, \u017ee rozhodujete pr\u00e1v\u011b vy.<\/span><\/p>\n<p><img loading=\"lazy\" decoding=\"async\" class=\"aligncenter wp-image-9043 size-large\" src=\"https:\/\/blog.empikfoto.cz\/empikfoto\/2021\/07\/Narodeniny0-1024x684.jpg\" alt=\"Narodeniny0\" width=\"1024\" height=\"684\" srcset=\"https:\/\/www.empikfoto.cz\/blog\/empikfoto\/2021\/07\/Narodeniny0-1024x684.jpg 1024w, https:\/\/www.empikfoto.cz\/blog\/empikfoto\/2021\/07\/Narodeniny0-300x200.jpg 300w, https:\/\/www.empikfoto.cz\/blog\/empikfoto\/2021\/07\/Narodeniny0-768x513.jpg 768w, https:\/\/www.empikfoto.cz\/blog\/empikfoto\/2021\/07\/Narodeniny0-1536x1025.jpg 1536w, https:\/\/www.empikfoto.cz\/blog\/empikfoto\/2021\/07\/Narodeniny0-330x220.jpg 330w, https:\/\/www.empikfoto.cz\/blog\/empikfoto\/2021\/07\/Narodeniny0-400x267.jpg 400w, https:\/\/www.empikfoto.cz\/blog\/empikfoto\/2021\/07\/Narodeniny0.jpg 1772w\" sizes=\"auto, (max-width: 1024px) 100vw, 1024px\" \/><\/p>\n<h2><span style=\"font-weight: 400;\">Pozv\u00e1nky na 17. narozeniny<\/span><\/h2>\n<p><span style=\"font-weight: 400;\">Nezapome\u0148te rozeslat <a href=\"https:\/\/www.empikfoto.cz\/fotoprani,barevne-narozeniny\">pozv\u00e1nky<\/a> p\u0159\u00e1tel\u016fm a rodin\u011b. Sna\u017ete se hosty informovat alespo\u0148 t\u0159i a\u017e p\u011bt t\u00fddn\u016f p\u0159edem. Sna\u017ete se tak\u00e9 vyu\u017e\u00edt narozeninov\u00e9 pozv\u00e1nky, kter\u00e9 odpov\u00eddaj\u00ed stylu ve\u010d\u00edrku. Ujist\u011bte se, \u017ee jste uvedli v\u0161echny d\u016fle\u017eit\u00e9 informace, jako je kdo, co, kdy, kde a pro\u010d se ve\u010d\u00edrek kon\u00e1. Dal\u0161\u00ed informace o tom, co zahrnout do pozv\u00e1nky, nebo jak formulovat text pozv\u00e1nky na ve\u010d\u00edrek, najdete na na\u0161em blogu.<\/span><\/p>\n<p><img loading=\"lazy\" decoding=\"async\" class=\"aligncenter wp-image-9013 size-large\" src=\"https:\/\/blog.empikfoto.cz\/empikfoto\/2021\/07\/narodeniny6-1024x679.jpg\" alt=\"narodeniny6\" width=\"1024\" height=\"679\" srcset=\"https:\/\/www.empikfoto.cz\/blog\/empikfoto\/2021\/07\/narodeniny6-1024x679.jpg 1024w, https:\/\/www.empikfoto.cz\/blog\/empikfoto\/2021\/07\/narodeniny6-300x199.jpg 300w, https:\/\/www.empikfoto.cz\/blog\/empikfoto\/2021\/07\/narodeniny6-768x509.jpg 768w, https:\/\/www.empikfoto.cz\/blog\/empikfoto\/2021\/07\/narodeniny6-1536x1019.jpg 1536w, https:\/\/www.empikfoto.cz\/blog\/empikfoto\/2021\/07\/narodeniny6-330x220.jpg 330w, https:\/\/www.empikfoto.cz\/blog\/empikfoto\/2021\/07\/narodeniny6-400x265.jpg 400w, https:\/\/www.empikfoto.cz\/blog\/empikfoto\/2021\/07\/narodeniny6.jpg 1778w\" sizes=\"auto, (max-width: 1024px) 100vw, 1024px\" \/><\/p>\n<h2><span style=\"font-weight: 400;\">Kde uspo\u0159\u00e1dat oslavu 17. narozenin<\/span><\/h2>\n<p><span style=\"font-weight: 400;\">Pokud hled\u00e1te m\u00edsto, kde uspo\u0159\u00e1dat oslavu 17. narozenin, m\u00e1me pro v\u00e1s tipy. Pod\u00edvejte se na tyto jednoduch\u00e9 mo\u017enosti, kter\u00e9 z\u00fa\u017e\u00ed v\u00e1\u0161 v\u00fdb\u011br:<\/span><\/p>\n<ul>\n<li style=\"font-weight: 400;\" aria-level=\"1\"><span style=\"font-weight: 400;\">Dom\u00e1c\u00ed oslava: Pamatujete si narozeninov\u00e9 oslavy, kter\u00e9 v\u00e1m rodi\u010de uspo\u0159\u00e1dali, kdy\u017e jste byli mlad\u0161\u00ed? F\u00e1borky a balonky zav\u011b\u0161en\u00e9 v\u0161ude mo\u017en\u011b, karaoke stroj nebo t\u0159eba utk\u00e1n\u00ed ve videohr\u00e1ch? Je \u010das vyrazit dom\u016f pro kousek t\u00e9 starom\u00f3dn\u00ed nemodern\u00ed z\u00e1bavy. Lokace \u201edoma\u201c je ide\u00e1ln\u00ed pro ve\u010de\u0159i na zahrad\u011b a z\u00e1bavn\u00e9 spole\u010densk\u00e9 hry. Nav\u00edc neexistuj\u00ed \u017e\u00e1dn\u00e1 omezen\u00ed, kolik nebo jak m\u00e1lo dekorac\u00ed m\u016f\u017ee kolem viset. Domov je tak\u00e9 ide\u00e1ln\u00ed, pokud m\u00e1te del\u0161\u00ed seznam host\u016f. Pamatujte jen, \u017ee je d\u016fle\u017eit\u00e9 respektovat rodi\u010de a to, \u017ee oni povolili oslavu ve va\u0161em dom\u011b.<\/span><\/li>\n<li style=\"font-weight: 400;\" aria-level=\"1\"><span style=\"font-weight: 400;\">M\u00edsto n\u011bkde venku: R\u00e1di brusl\u00edte nebo chod\u00edte do parku? Mo\u017en\u00e1 chcete jen velk\u00fd tane\u010dn\u00ed parket, na kter\u00fd v\u00e1\u0161 d\u016fm nesta\u010d\u00ed. A\u0165 u\u017e je c\u00edl va\u0161eho narozeninov\u00e9ho ve\u010d\u00edrku jak\u00fdkoli, jist\u00e9 je jen to, \u017ee vy a va\u0161i host\u00e9 budete na ve\u010d\u00edrku zanepr\u00e1zdn\u011bni z\u00e1bavou podle va\u0161eho v\u00fdb\u011bru. D\u00edky tomu to bude snaz\u0161\u00ed p\u0159i pl\u00e1nov\u00e1n\u00ed narozeninov\u00fdch her, proto\u017ee va\u0161i host\u00e9 budou v\u0161ichni zanepr\u00e1zdn\u011bni stejnou aktivitou. Jak\u00fd skv\u011bl\u00fd zp\u016fsob, jak spojit v\u0161echny dohromady!<\/span><\/li>\n<li style=\"font-weight: 400;\" aria-level=\"1\"><span style=\"font-weight: 400;\">Napl\u00e1nujte si v\u00fdlet: Cht\u011bli jste v\u017edy n\u011bkam cestovat? Kempov\u00e1n\u00ed? Nebo do luxusn\u00edho hotelu? Pozv\u011bte n\u011bkolik sv\u00fdch nejbli\u017e\u0161\u00edch p\u0159\u00e1tel, stejn\u011b jako m\u00e1mu nebo t\u00e1tu, na fantastick\u00fd narozeninov\u00fd v\u00fdlet, kter\u00fd si budete pamatovat je\u0161t\u011b hodn\u011b dlouho.<\/span><\/li>\n<\/ul>\n<h2><span style=\"font-weight: 400;\">V\u0161echno nejlep\u0161\u00ed k 17. narozenin\u00e1m<\/span><\/h2>\n<p><span style=\"font-weight: 400;\">A\u0165 u\u017e se rozhodnete pro jakoukoliv oslavu narozenin, s na\u0161imi n\u00e1pady bude va\u0161e <a href=\"https:\/\/www.empikfoto.cz\/fotografie,fotografie\">p\u00e1rty ur\u010dit\u011b hitem<\/a>. Jakmile m\u00e1te v\u0161e napl\u00e1nov\u00e1no, pohodln\u011b se usa\u010fte a u\u017eijte si oslavu. Koneckonc\u016f, jsou to va\u0161e posledn\u00ed nezletil\u00e9 narozeniny.<\/span><\/p>\n<p><img loading=\"lazy\" decoding=\"async\" class=\"aligncenter wp-image-8422 size-large\" src=\"https:\/\/blog.empikfoto.cz\/empikfoto\/2018\/06\/Wianek-na-g\u0142ow\u0119-1024x683.jpg\" alt=\"Narodeniny\" width=\"1024\" height=\"683\" srcset=\"https:\/\/www.empikfoto.cz\/blog\/empikfoto\/2018\/06\/Wianek-na-g\u0142ow\u0119-1024x683.jpg 1024w, https:\/\/www.empikfoto.cz\/blog\/empikfoto\/2018\/06\/Wianek-na-g\u0142ow\u0119-300x200.jpg 300w, https:\/\/www.empikfoto.cz\/blog\/empikfoto\/2018\/06\/Wianek-na-g\u0142ow\u0119-768x512.jpg 768w, https:\/\/www.empikfoto.cz\/blog\/empikfoto\/2018\/06\/Wianek-na-g\u0142ow\u0119-330x220.jpg 330w, https:\/\/www.empikfoto.cz\/blog\/empikfoto\/2018\/06\/Wianek-na-g\u0142ow\u0119-400x267.jpg 400w\" sizes=\"auto, (max-width: 1024px) 100vw, 1024px\" \/><\/p>\n","protected":false},"excerpt":{"rendered":"<p>Jako t\u00e9m\u011b\u0159 sedmn\u00e1ctilet\u00fd chcete, aby va\u0161e p\u0159\u00ed\u0161t\u00ed oslava narozenin byla vzru\u0161uj\u00edc\u00ed, skoro dosp\u011bl\u00e1 a nezapomenuteln\u00e1. Pokud se jedn\u00e1 o oslavy narozenin dosp\u00edvaj\u00edc\u00edch, sedmn\u00e1ct\u00e9 jsou \u010dasto opom\u00edjeny. Je pravda, \u017ee tento v\u011bk je\u0161t\u011b po\u0159\u00e1d nen\u00ed ten velk\u00fd dosp\u011bl\u00fd. St\u00e1le si v\u0161ak opr\u00e1vn\u011bn\u011b zaslou\u017e\u00ed po\u0159\u00e1dnou narozeninovou extravaganci. Je to posledn\u00ed rok va\u0161eho ofici\u00e1ln\u00edho d\u011btstv\u00ed, ne\u017e v\u00e1s leg\u00e1ln\u011b uznaj\u00ed dosp\u011bl\u00fdm se v\u0161emi pr\u00e1vy a povinnostmi. Nyn\u00ed, v\u00edce ne\u017e kdy jindy, m\u016f\u017ee b\u00fdt ta doba ve va\u0161em \u017eivot\u011b, kdy si p\u0159ejete, abyste byli o rok star\u0161\u00ed. Mo\u017en\u00e1 v\u00e1s \u017e\u00e1dn\u00e9 dobr\u00e9 n\u00e1pady na oslavu 17. narozenin nenapadaj\u00ed. Tyto n\u00e1pady na oslavu 17. narozenin ukazuj\u00ed, \u017ee ve va\u0161em \u017eivot\u011b nast\u00e1v\u00e1 doba zm\u011bn a tak\u00e9 v\u00e1m umo\u017en\u00ed pobavit se po\u0159\u00e1d je\u0161t\u011b jako mladistv\u00fd; nejlep\u0161\u00ed z obou sv\u011bt\u016f. Existuje spousta r\u016fzn\u00fdch zp\u016fsob\u016f, jak oslavit sv\u00e9 narozeniny. Prozkoumejte na\u0161e n\u00e1pady a z\u00edskejte p\u0159ehled o tom, co d\u011blat na oslav\u011b 17. narozenin, kterou si ka\u017ed\u00fd zapamatuje.<\/p>\n","protected":false},"author":23,"featured_media":9043,"comment_status":"open","ping_status":"closed","sticky":false,"template":"","format":"standard","meta":{"footnotes":""},"categories":[786],"tags":[],"class_list":["post-9041","post","type-post","status-publish","format-standard","has-post-thumbnail","hentry","category-inspiracje"],"yoast_head":"<!-- This site is optimized with the Yoast SEO plugin v23.2 - https:\/\/yoast.com\/wordpress\/plugins\/seo\/ -->\n<title>Kreativn\u00ed n\u00e1pady a motivy na oslavu 17. narozenin | blog.empikfoto.cz<\/title>\n<meta name=\"robots\" content=\"index, follow, max-snippet:-1, max-image-preview:large, max-video-preview:-1\" \/>\n<link rel=\"canonical\" href=\"https:\/\/www.empikfoto.cz\/blog\/kreativni-napady-motivy-oslavu-17-narozenin\/\" \/>\n<meta property=\"og:locale\" content=\"pl_PL\" \/>\n<meta property=\"og:type\" content=\"article\" \/>\n<meta property=\"og:title\" content=\"Kreativn\u00ed n\u00e1pady a motivy na oslavu 17. narozenin | blog.empikfoto.cz\" \/>\n<meta property=\"og:description\" content=\"Jako t\u00e9m\u011b\u0159 sedmn\u00e1ctilet\u00fd chcete, aby va\u0161e p\u0159\u00ed\u0161t\u00ed oslava narozenin byla vzru\u0161uj\u00edc\u00ed, skoro dosp\u011bl\u00e1 a nezapomenuteln\u00e1. Pokud se jedn\u00e1 o oslavy narozenin dosp\u00edvaj\u00edc\u00edch, sedmn\u00e1ct\u00e9 jsou \u010dasto opom\u00edjeny. Je pravda, \u017ee tento v\u011bk je\u0161t\u011b po\u0159\u00e1d nen\u00ed ten velk\u00fd dosp\u011bl\u00fd. St\u00e1le si v\u0161ak opr\u00e1vn\u011bn\u011b zaslou\u017e\u00ed po\u0159\u00e1dnou narozeninovou extravaganci. Je to posledn\u00ed rok va\u0161eho ofici\u00e1ln\u00edho d\u011btstv\u00ed, ne\u017e v\u00e1s leg\u00e1ln\u011b uznaj\u00ed dosp\u011bl\u00fdm se v\u0161emi pr\u00e1vy a povinnostmi. Nyn\u00ed, v\u00edce ne\u017e kdy jindy, m\u016f\u017ee b\u00fdt ta doba ve va\u0161em \u017eivot\u011b, kdy si p\u0159ejete, abyste byli o rok star\u0161\u00ed. Mo\u017en\u00e1 v\u00e1s \u017e\u00e1dn\u00e9 dobr\u00e9 n\u00e1pady na oslavu 17. narozenin nenapadaj\u00ed. Tyto n\u00e1pady na oslavu 17. narozenin ukazuj\u00ed, \u017ee ve va\u0161em \u017eivot\u011b nast\u00e1v\u00e1 doba zm\u011bn a tak\u00e9 v\u00e1m umo\u017en\u00ed pobavit se po\u0159\u00e1d je\u0161t\u011b jako mladistv\u00fd; nejlep\u0161\u00ed z obou sv\u011bt\u016f. Existuje spousta r\u016fzn\u00fdch zp\u016fsob\u016f, jak oslavit sv\u00e9 narozeniny. Prozkoumejte na\u0161e n\u00e1pady a z\u00edskejte p\u0159ehled o tom, co d\u011blat na oslav\u011b 17. narozenin, kterou si ka\u017ed\u00fd zapamatuje.\" \/>\n<meta property=\"og:url\" content=\"https:\/\/www.empikfoto.cz\/blog\/kreativni-napady-motivy-oslavu-17-narozenin\/\" \/>\n<meta property=\"og:site_name\" content=\"blog.empikfoto.cz\" \/>\n<meta property=\"article:publisher\" content=\"https:\/\/www.facebook.com\/empikfotocz\/\" \/>\n<meta property=\"article:published_time\" content=\"2021-05-13T20:38:55+00:00\" \/>\n<meta property=\"article:modified_time\" content=\"2021-07-22T21:27:45+00:00\" \/>\n<meta property=\"og:image\" content=\"https:\/\/www.empikfoto.cz\/blog\/empikfoto\/2021\/07\/Narodeniny0.jpg\" \/>\n\t<meta property=\"og:image:width\" content=\"1772\" \/>\n\t<meta property=\"og:image:height\" content=\"1183\" \/>\n\t<meta property=\"og:image:type\" content=\"image\/jpeg\" \/>\n<meta name=\"author\" content=\"Sara\" \/>\n<meta name=\"twitter:card\" content=\"summary_large_image\" \/>\n<meta name=\"twitter:label1\" content=\"Napisane przez\" \/>\n\t<meta name=\"twitter:data1\" content=\"Sara\" \/>\n\t<meta name=\"twitter:label2\" content=\"Szacowany czas czytania\" \/>\n\t<meta name=\"twitter:data2\" content=\"4 minuty\" \/>\n<script type=\"application\/ld+json\" class=\"yoast-schema-graph\">{\"@context\":\"https:\/\/schema.org\",\"@graph\":[{\"@type\":\"WebPage\",\"@id\":\"https:\/\/www.empikfoto.cz\/blog\/kreativni-napady-motivy-oslavu-17-narozenin\/\",\"url\":\"https:\/\/www.empikfoto.cz\/blog\/kreativni-napady-motivy-oslavu-17-narozenin\/\",\"name\":\"Kreativn\u00ed n\u00e1pady a motivy na oslavu 17. narozenin | blog.empikfoto.cz\",\"isPartOf\":{\"@id\":\"https:\/\/www.empikfoto.cz\/blog\/#website\"},\"primaryImageOfPage\":{\"@id\":\"https:\/\/www.empikfoto.cz\/blog\/kreativni-napady-motivy-oslavu-17-narozenin\/#primaryimage\"},\"image\":{\"@id\":\"https:\/\/www.empikfoto.cz\/blog\/kreativni-napady-motivy-oslavu-17-narozenin\/#primaryimage\"},\"thumbnailUrl\":\"https:\/\/www.empikfoto.cz\/blog\/empikfoto\/2021\/07\/Narodeniny0.jpg\",\"datePublished\":\"2021-05-13T20:38:55+00:00\",\"dateModified\":\"2021-07-22T21:27:45+00:00\",\"author\":{\"@id\":\"https:\/\/www.empikfoto.cz\/blog\/#\/schema\/person\/6fa78c301a82a2080e0de5f602acc9a5\"},\"breadcrumb\":{\"@id\":\"https:\/\/www.empikfoto.cz\/blog\/kreativni-napady-motivy-oslavu-17-narozenin\/#breadcrumb\"},\"inLanguage\":\"pl-PL\",\"potentialAction\":[{\"@type\":\"ReadAction\",\"target\":[\"https:\/\/www.empikfoto.cz\/blog\/kreativni-napady-motivy-oslavu-17-narozenin\/\"]}]},{\"@type\":\"ImageObject\",\"inLanguage\":\"pl-PL\",\"@id\":\"https:\/\/www.empikfoto.cz\/blog\/kreativni-napady-motivy-oslavu-17-narozenin\/#primaryimage\",\"url\":\"https:\/\/www.empikfoto.cz\/blog\/empikfoto\/2021\/07\/Narodeniny0.jpg\",\"contentUrl\":\"https:\/\/www.empikfoto.cz\/blog\/empikfoto\/2021\/07\/Narodeniny0.jpg\",\"width\":1772,\"height\":1183,\"caption\":\"Narodeniny0\"},{\"@type\":\"BreadcrumbList\",\"@id\":\"https:\/\/www.empikfoto.cz\/blog\/kreativni-napady-motivy-oslavu-17-narozenin\/#breadcrumb\",\"itemListElement\":[{\"@type\":\"ListItem\",\"position\":1,\"name\":\"Strona g\u0142\u00f3wna\",\"item\":\"https:\/\/www.empikfoto.cz\/blog\/\"},{\"@type\":\"ListItem\",\"position\":2,\"name\":\"Kreativn\u00ed n\u00e1pady a motivy na oslavu 17. narozenin\"}]},{\"@type\":\"WebSite\",\"@id\":\"https:\/\/www.empikfoto.cz\/blog\/#website\",\"url\":\"https:\/\/www.empikfoto.cz\/blog\/\",\"name\":\"blog.empikfoto.cz\",\"description\":\"Nechte se inspirovat a darujte vzpom\u00ednky\",\"potentialAction\":[{\"@type\":\"SearchAction\",\"target\":{\"@type\":\"EntryPoint\",\"urlTemplate\":\"https:\/\/www.empikfoto.cz\/blog\/?s={search_term_string}\"},\"query-input\":\"required name=search_term_string\"}],\"inLanguage\":\"pl-PL\"},{\"@type\":\"Person\",\"@id\":\"https:\/\/www.empikfoto.cz\/blog\/#\/schema\/person\/6fa78c301a82a2080e0de5f602acc9a5\",\"name\":\"Sara\",\"image\":{\"@type\":\"ImageObject\",\"inLanguage\":\"pl-PL\",\"@id\":\"https:\/\/www.empikfoto.cz\/blog\/#\/schema\/person\/image\/\",\"url\":\"https:\/\/secure.gravatar.com\/avatar\/f5a40c58c49e47a6ea3eb42cd4d4f47a?s=96&d=identicon&r=g\",\"contentUrl\":\"https:\/\/secure.gravatar.com\/avatar\/f5a40c58c49e47a6ea3eb42cd4d4f47a?s=96&d=identicon&r=g\",\"caption\":\"Sara\"},\"url\":\"https:\/\/www.empikfoto.cz\/blog\/author\/sara\/\"}]}<\/script>\n<!-- \/ Yoast SEO plugin. -->","yoast_head_json":{"title":"Kreativn\u00ed n\u00e1pady a motivy na oslavu 17. narozenin | blog.empikfoto.cz","robots":{"index":"index","follow":"follow","max-snippet":"max-snippet:-1","max-image-preview":"max-image-preview:large","max-video-preview":"max-video-preview:-1"},"canonical":"https:\/\/www.empikfoto.cz\/blog\/kreativni-napady-motivy-oslavu-17-narozenin\/","og_locale":"pl_PL","og_type":"article","og_title":"Kreativn\u00ed n\u00e1pady a motivy na oslavu 17. narozenin | blog.empikfoto.cz","og_description":"Jako t\u00e9m\u011b\u0159 sedmn\u00e1ctilet\u00fd chcete, aby va\u0161e p\u0159\u00ed\u0161t\u00ed oslava narozenin byla vzru\u0161uj\u00edc\u00ed, skoro dosp\u011bl\u00e1 a nezapomenuteln\u00e1. Pokud se jedn\u00e1 o oslavy narozenin dosp\u00edvaj\u00edc\u00edch, sedmn\u00e1ct\u00e9 jsou \u010dasto opom\u00edjeny. Je pravda, \u017ee tento v\u011bk je\u0161t\u011b po\u0159\u00e1d nen\u00ed ten velk\u00fd dosp\u011bl\u00fd. St\u00e1le si v\u0161ak opr\u00e1vn\u011bn\u011b zaslou\u017e\u00ed po\u0159\u00e1dnou narozeninovou extravaganci. Je to posledn\u00ed rok va\u0161eho ofici\u00e1ln\u00edho d\u011btstv\u00ed, ne\u017e v\u00e1s leg\u00e1ln\u011b uznaj\u00ed dosp\u011bl\u00fdm se v\u0161emi pr\u00e1vy a povinnostmi. Nyn\u00ed, v\u00edce ne\u017e kdy jindy, m\u016f\u017ee b\u00fdt ta doba ve va\u0161em \u017eivot\u011b, kdy si p\u0159ejete, abyste byli o rok star\u0161\u00ed. Mo\u017en\u00e1 v\u00e1s \u017e\u00e1dn\u00e9 dobr\u00e9 n\u00e1pady na oslavu 17. narozenin nenapadaj\u00ed. Tyto n\u00e1pady na oslavu 17. narozenin ukazuj\u00ed, \u017ee ve va\u0161em \u017eivot\u011b nast\u00e1v\u00e1 doba zm\u011bn a tak\u00e9 v\u00e1m umo\u017en\u00ed pobavit se po\u0159\u00e1d je\u0161t\u011b jako mladistv\u00fd; nejlep\u0161\u00ed z obou sv\u011bt\u016f. Existuje spousta r\u016fzn\u00fdch zp\u016fsob\u016f, jak oslavit sv\u00e9 narozeniny. Prozkoumejte na\u0161e n\u00e1pady a z\u00edskejte p\u0159ehled o tom, co d\u011blat na oslav\u011b 17. narozenin, kterou si ka\u017ed\u00fd zapamatuje.","og_url":"https:\/\/www.empikfoto.cz\/blog\/kreativni-napady-motivy-oslavu-17-narozenin\/","og_site_name":"blog.empikfoto.cz","article_publisher":"https:\/\/www.facebook.com\/empikfotocz\/","article_published_time":"2021-05-13T20:38:55+00:00","article_modified_time":"2021-07-22T21:27:45+00:00","og_image":[{"width":1772,"height":1183,"url":"https:\/\/www.empikfoto.cz\/blog\/empikfoto\/2021\/07\/Narodeniny0.jpg","type":"image\/jpeg"}],"author":"Sara","twitter_card":"summary_large_image","twitter_misc":{"Napisane przez":"Sara","Szacowany czas czytania":"4 minuty"},"schema":{"@context":"https:\/\/schema.org","@graph":[{"@type":"WebPage","@id":"https:\/\/www.empikfoto.cz\/blog\/kreativni-napady-motivy-oslavu-17-narozenin\/","url":"https:\/\/www.empikfoto.cz\/blog\/kreativni-napady-motivy-oslavu-17-narozenin\/","name":"Kreativn\u00ed n\u00e1pady a motivy na oslavu 17. narozenin | blog.empikfoto.cz","isPartOf":{"@id":"https:\/\/www.empikfoto.cz\/blog\/#website"},"primaryImageOfPage":{"@id":"https:\/\/www.empikfoto.cz\/blog\/kreativni-napady-motivy-oslavu-17-narozenin\/#primaryimage"},"image":{"@id":"https:\/\/www.empikfoto.cz\/blog\/kreativni-napady-motivy-oslavu-17-narozenin\/#primaryimage"},"thumbnailUrl":"https:\/\/www.empikfoto.cz\/blog\/empikfoto\/2021\/07\/Narodeniny0.jpg","datePublished":"2021-05-13T20:38:55+00:00","dateModified":"2021-07-22T21:27:45+00:00","author":{"@id":"https:\/\/www.empikfoto.cz\/blog\/#\/schema\/person\/6fa78c301a82a2080e0de5f602acc9a5"},"breadcrumb":{"@id":"https:\/\/www.empikfoto.cz\/blog\/kreativni-napady-motivy-oslavu-17-narozenin\/#breadcrumb"},"inLanguage":"pl-PL","potentialAction":[{"@type":"ReadAction","target":["https:\/\/www.empikfoto.cz\/blog\/kreativni-napady-motivy-oslavu-17-narozenin\/"]}]},{"@type":"ImageObject","inLanguage":"pl-PL","@id":"https:\/\/www.empikfoto.cz\/blog\/kreativni-napady-motivy-oslavu-17-narozenin\/#primaryimage","url":"https:\/\/www.empikfoto.cz\/blog\/empikfoto\/2021\/07\/Narodeniny0.jpg","contentUrl":"https:\/\/www.empikfoto.cz\/blog\/empikfoto\/2021\/07\/Narodeniny0.jpg","width":1772,"height":1183,"caption":"Narodeniny0"},{"@type":"BreadcrumbList","@id":"https:\/\/www.empikfoto.cz\/blog\/kreativni-napady-motivy-oslavu-17-narozenin\/#breadcrumb","itemListElement":[{"@type":"ListItem","position":1,"name":"Strona g\u0142\u00f3wna","item":"https:\/\/www.empikfoto.cz\/blog\/"},{"@type":"ListItem","position":2,"name":"Kreativn\u00ed n\u00e1pady a motivy na oslavu 17. narozenin"}]},{"@type":"WebSite","@id":"https:\/\/www.empikfoto.cz\/blog\/#website","url":"https:\/\/www.empikfoto.cz\/blog\/","name":"blog.empikfoto.cz","description":"Nechte se inspirovat a darujte vzpom\u00ednky","potentialAction":[{"@type":"SearchAction","target":{"@type":"EntryPoint","urlTemplate":"https:\/\/www.empikfoto.cz\/blog\/?s={search_term_string}"},"query-input":"required name=search_term_string"}],"inLanguage":"pl-PL"},{"@type":"Person","@id":"https:\/\/www.empikfoto.cz\/blog\/#\/schema\/person\/6fa78c301a82a2080e0de5f602acc9a5","name":"Sara","image":{"@type":"ImageObject","inLanguage":"pl-PL","@id":"https:\/\/www.empikfoto.cz\/blog\/#\/schema\/person\/image\/","url":"https:\/\/secure.gravatar.com\/avatar\/f5a40c58c49e47a6ea3eb42cd4d4f47a?s=96&d=identicon&r=g","contentUrl":"https:\/\/secure.gravatar.com\/avatar\/f5a40c58c49e47a6ea3eb42cd4d4f47a?s=96&d=identicon&r=g","caption":"Sara"},"url":"https:\/\/www.empikfoto.cz\/blog\/author\/sara\/"}]}},"_links":{"self":[{"href":"https:\/\/www.empikfoto.cz\/blog\/wp-json\/wp\/v2\/posts\/9041","targetHints":{"allow":["GET"]}}],"collection":[{"href":"https:\/\/www.empikfoto.cz\/blog\/wp-json\/wp\/v2\/posts"}],"about":[{"href":"https:\/\/www.empikfoto.cz\/blog\/wp-json\/wp\/v2\/types\/post"}],"author":[{"embeddable":true,"href":"https:\/\/www.empikfoto.cz\/blog\/wp-json\/wp\/v2\/users\/23"}],"replies":[{"embeddable":true,"href":"https:\/\/www.empikfoto.cz\/blog\/wp-json\/wp\/v2\/comments?post=9041"}],"version-history":[{"count":1,"href":"https:\/\/www.empikfoto.cz\/blog\/wp-json\/wp\/v2\/posts\/9041\/revisions"}],"predecessor-version":[{"id":9044,"href":"https:\/\/www.empikfoto.cz\/blog\/wp-json\/wp\/v2\/posts\/9041\/revisions\/9044"}],"wp:featuredmedia":[{"embeddable":true,"href":"https:\/\/www.empikfoto.cz\/blog\/wp-json\/wp\/v2\/media\/9043"}],"wp:attachment":[{"href":"https:\/\/www.empikfoto.cz\/blog\/wp-json\/wp\/v2\/media?parent=9041"}],"wp:term":[{"taxonomy":"category","embeddable":true,"href":"https:\/\/www.empikfoto.cz\/blog\/wp-json\/wp\/v2\/categories?post=9041"},{"taxonomy":"post_tag","embeddable":true,"href":"https:\/\/www.empikfoto.cz\/blog\/wp-json\/wp\/v2\/tags?post=9041"}],"curies":[{"name":"wp","href":"https:\/\/api.w.org\/{rel}","templated":true}]}}