{"id":9106,"date":"2021-06-05T21:08:22","date_gmt":"2021-06-05T19:08:22","guid":{"rendered":"https:\/\/blog.empikfoto.cz\/?p=9106"},"modified":"2021-08-04T12:35:57","modified_gmt":"2021-08-04T10:35:57","slug":"vytvorit-nejlepsi-vytisky-platno","status":"publish","type":"post","link":"https:\/\/www.empikfoto.cz\/blog\/vytvorit-nejlepsi-vytisky-platno\/","title":{"rendered":"Jak vytvo\u0159it nejlep\u0161\u00ed v\u00fdtisky na pl\u00e1tno"},"content":{"rendered":"<p><span style=\"font-weight: 400;\">Pokud hled\u00e1te trendy a poutav\u00fd zp\u016fsob, jak p\u0159edv\u00e9st sv\u00e9 nejlep\u0161\u00ed rodinn\u00e9 fotografie, obl\u00edben\u00e9 fotografie z cest, kreativn\u00ed fotokol\u00e1\u017e nebo kr\u00e1sn\u00e9 um\u011bleck\u00e9 d\u00edlo, kter\u00e9 dokonale lad\u00ed k dekorac\u00edm u v\u00e1s doma, nehledejte nic jin\u00e9ho ne\u017e vlastn\u00ed v\u00fdtisky na pl\u00e1tn\u011b. Nejen\u017ee jsou um\u011bleck\u00fdm prvkem, kter\u00fd ozdob\u00ed v\u00e1\u0161 domov, ale mohou b\u00fdt i zaj\u00edmav\u00fdm fotografick\u00fdm d\u00e1rkem.<\/span><\/p>\n<p><span style=\"font-weight: 400;\">Osamocen\u011b vis\u00edc\u00ed jako odv\u00e1\u017en\u00fd voj\u00e1k nebo um\u011blecky sestaven\u00e9 na zdi galerie, tisky na pl\u00e1tn\u011b jsou extr\u00e9mn\u011b v\u0161estrann\u00e9 &#8211; hod\u00ed se stejn\u011b dob\u0159e do tradi\u010dn\u011b za\u0159\u00edzen\u00e9ho domova jako i do interi\u00e9ru modern\u011bj\u0161\u00edho stylu. Jsou vysoce kvalitn\u00ed, snadno se zav\u011b\u0161uj\u00ed a s trochou pl\u00e1nov\u00e1n\u00ed je lze tak\u00e9 snadno vytvo\u0159it.<\/span><\/p>\n<p><span style=\"font-weight: 400;\">Pokud v\u00e1s zaj\u00edm\u00e1, kde za\u010d\u00edt, sestavili jsme pr\u016fvodce, kter\u00fd vysv\u011btl\u00ed, jak m\u016f\u017eete pro sv\u016fj domov vytvo\u0159it ty nejlep\u0161\u00ed v\u00fdtisky na pl\u00e1tno.<\/span><!--more--><\/p>\n<h2><span style=\"font-weight: 400;\">N\u00e1pady na n\u00e1st\u011bnn\u00e9 dekorace pro va\u0161e tisky na pl\u00e1tn\u011b<\/span><\/h2>\n<p><span style=\"font-weight: 400;\">Jsou v\u00edc ne\u017e jen va\u0161e obl\u00edben\u00e9 fotografie, kter\u00e9 si pov\u011bs\u00edte na ze\u010f &#8211; <a href=\"https:\/\/www.empikfoto.cz\/vybaveni-interieru\/fotoobrazy?tvar=vodorovne&amp;sort=default_desc\">v\u00fdtisky na pl\u00e1tn\u011b<\/a> mohou b\u00fdt um\u011bleck\u00fdm d\u00edlem, kter\u00e9 spole\u010dn\u011b dotv\u00e1\u0159\u00ed celkovou atmosf\u00e9ru nebo sjednocuj\u00ed vzhled ka\u017ed\u00e9 m\u00edstnosti. Mal\u00e9 m\u00edstnosti se okam\u017eit\u011b zdaj\u00ed v\u011bt\u0161\u00ed, kdy\u017e na st\u011bn\u011b vis\u00ed obraz va\u0161\u00ed obl\u00edben\u00e9 krajiny na pl\u00e1tn\u011b. Nudn\u00e1 kancel\u00e1\u0159 se transformuje na m\u00edsto pln\u00e9 barev a n\u00e1pad\u016f p\u0159id\u00e1n\u00edm um\u011bleck\u00e9ho tisku na pl\u00e1tn\u011b. D\u011btsk\u00e9mu pokoji m\u016f\u017eete dodat trochu rozvernosti i t\u00edm, \u017ee na ze\u010f pov\u011bs\u00edte obr\u00e1zek jejich obl\u00edben\u00fdch kreseb. Obrazy na pl\u00e1tn\u011b dodaj\u00ed va\u0161emu interi\u00e9ru osobitost a styl.<\/span><\/p>\n<p><img loading=\"lazy\" decoding=\"async\" class=\"aligncenter wp-image-9107 size-large\" src=\"https:\/\/blog.empikfoto.cz\/empikfoto\/2021\/08\/absolvent4-1024x684.jpg\" alt=\"Platno\" width=\"1024\" height=\"684\" srcset=\"https:\/\/www.empikfoto.cz\/blog\/empikfoto\/2021\/08\/absolvent4-1024x684.jpg 1024w, https:\/\/www.empikfoto.cz\/blog\/empikfoto\/2021\/08\/absolvent4-300x200.jpg 300w, https:\/\/www.empikfoto.cz\/blog\/empikfoto\/2021\/08\/absolvent4-768x513.jpg 768w, https:\/\/www.empikfoto.cz\/blog\/empikfoto\/2021\/08\/absolvent4-1536x1025.jpg 1536w, https:\/\/www.empikfoto.cz\/blog\/empikfoto\/2021\/08\/absolvent4-330x220.jpg 330w, https:\/\/www.empikfoto.cz\/blog\/empikfoto\/2021\/08\/absolvent4-400x267.jpg 400w, https:\/\/www.empikfoto.cz\/blog\/empikfoto\/2021\/08\/absolvent4.jpg 1772w\" sizes=\"auto, (max-width: 1024px) 100vw, 1024px\" \/><\/p>\n<p><span style=\"font-weight: 400;\">Zde je n\u011bkolik n\u00e1pad\u016f:<\/span><\/p>\n<ul>\n<li style=\"font-weight: 400;\" aria-level=\"1\"><span style=\"font-weight: 400;\">Rodinn\u00e9 portr\u00e9ty: Pochlubte se svou rodinou portr\u00e9tem <a href=\"https:\/\/www.empikfoto.cz\/obraz,podekovani-rodicum?tloustka=20&amp;rozmery=30x20\">vyti\u0161t\u011bn\u00fdm na pl\u00e1tn\u011b<\/a>. Pov\u011bste jej do p\u0159eds\u00edn\u011b. Bude to p\u0159\u00edjemn\u00fd zp\u016fsob, jak p\u0159iv\u00edtat lidi ve va\u0161em dom\u011b.<\/span><\/li>\n<li style=\"font-weight: 400;\" aria-level=\"1\"><span style=\"font-weight: 400;\">Svatebn\u00ed fotografie: P\u0159ipome\u0148te si okam\u017eiky sv\u00e9ho velk\u00e9ho dne pomoc\u00ed pl\u00e1tna se \u0161\u0165astn\u00fdm p\u00e1rem zav\u011b\u0161en\u00e9mu v lo\u017enici.<\/span><\/li>\n<li style=\"font-weight: 400;\" aria-level=\"1\"><span style=\"font-weight: 400;\">Fotografie z p\u0159\u00edrody: pl\u00e1tna s obr\u00e1zky z p\u0159\u00edrody, jako jsou kv\u011btiny, zv\u00ed\u0159ata, pl\u00e1\u017ee nebo horsk\u00e9 scen\u00e9rie, jsou ide\u00e1ln\u00edm zp\u016fsobem, jak dodat koupeln\u011b nebo pracovn\u011b kr\u00e1sn\u00fd barevn\u00fd n\u00e1dech a klid.<\/span><\/li>\n<li style=\"font-weight: 400;\" aria-level=\"1\"><span style=\"font-weight: 400;\">Rodinn\u00e1 pravidla: Pomoc\u00ed textu m\u00edsto fotografie vytvo\u0159te vlastn\u00ed pl\u00e1tno, kter\u00e9 kreativn\u011b zobraz\u00ed pravidla domu. Pov\u011bste jej ve sv\u00e9m ob\u00fdv\u00e1ku, aby ho mohl vid\u011bt ka\u017ed\u00fd \u010dlen dom\u00e1cnosti.<\/span><\/li>\n<li style=\"font-weight: 400;\" aria-level=\"1\"><span style=\"font-weight: 400;\">Fotokol\u00e1\u017e: Pokud m\u00e1te spoustu fotografi\u00ed, kter\u00e9 chcete uk\u00e1zat, ale nem\u00e1te dostatek m\u00edsta, je skv\u011blou volbou fotokol\u00e1\u017e, kter\u00e1 v\u00e1m umo\u017en\u00ed kombinovat v\u00edce obr\u00e1zk\u016f na jednom pl\u00e1tn\u011b. Fotokol\u00e1\u017e bude skv\u011ble vypadat na va\u0161\u00ed chodb\u011b nebo jako v\u00fdjime\u010dn\u00fd kus dekorace ve va\u0161\u00ed kancel\u00e1\u0159i.<\/span><\/li>\n<li style=\"font-weight: 400;\" aria-level=\"1\"><span style=\"font-weight: 400;\">Vhodn\u00e9 pro d\u011bti: Pokud je v\u00e1\u0161 d\u011btsk\u00fd pokoj vyzdoben jednoro\u017eci, superhrdiny, mo\u0159sk\u00fdmi pannami, z\u00e1vodn\u00edmi auty nebo \u010d\u00edmkoliv mezi t\u00edm, m\u016f\u017eete vytvo\u0159it um\u011bn\u00ed na pl\u00e1tn\u011b, kter\u00e9 se k tomu dokonale hod\u00ed.<\/span><\/li>\n<li style=\"font-weight: 400;\" aria-level=\"1\"><span style=\"font-weight: 400;\">\u010cern\u00e1 a b\u00edl\u00e1: Udr\u017eujte svou kuchy\u0148 \u010distou a modern\u00ed t\u00edm, \u017ee na pl\u00e1tno vytisknete kol\u00e1\u017e z \u010dernob\u00edl\u00fdch obr\u00e1zk\u016f.<\/span><\/li>\n<li style=\"font-weight: 400;\" aria-level=\"1\"><span style=\"font-weight: 400;\">Geometrick\u00fd: Neomezujte se pouze fotografiemi na pl\u00e1tn\u011b. Pokud je v\u00e1\u0161 styl orientovan\u00fd na design, pro\u010d si nepo\u0159\u00eddit um\u011bleck\u00e9 v\u00fdtisky na pl\u00e1tno s geometrick\u00fdmi vzory v barv\u00e1ch, kter\u00e9 dokonale lad\u00ed s va\u0161\u00edm domovem?<\/span><\/li>\n<\/ul>\n<h2><span style=\"font-weight: 400;\">Dimenzov\u00e1n\u00ed a um\u00edst\u011bn\u00ed<\/span><\/h2>\n<p><span style=\"font-weight: 400;\">Mo\u017enosti dekorov\u00e1n\u00ed pomoc\u00ed vlastn\u00edch v\u00fdtisk\u016f na <a href=\"https:\/\/www.empikfoto.cz\/obraz,prvni-rok?tloustka=40&amp;rozmery=30x20-19807\">pl\u00e1tn\u011b<\/a> jsou nekone\u010dn\u00e9 &#8211; a podle toho, kam a jak chcete sv\u00e9 v\u00fdtisky pov\u011bsit, budete m\u00edt n\u011bkolik mo\u017enost\u00ed. Na st\u011bn\u011b v p\u0159eds\u00edni nebo na jak\u00e9koliv jin\u00e9 st\u011bn\u011b m\u016f\u017eete vytvo\u0159it poutav\u00fd displej, na kter\u00e9m bude k vid\u011bn\u00ed spousta fotografi\u00ed a um\u011bleck\u00fdch d\u011bl. Jeden velk\u00fd obraz na pl\u00e1tn\u011b vytvo\u0159\u00ed v\u00fdrazn\u00fd prvek v ka\u017ed\u00e9m prostoru. Uv\u011bdomte si, jak d\u016fle\u017eit\u00e9 je vybrat spr\u00e1vn\u00fd rozm\u011br pl\u00e1tna a co v\u0161echno je t\u0159eba vz\u00edt v \u00favahu p\u0159i aran\u017eov\u00e1n\u00ed a zav\u011b\u0161ov\u00e1n\u00ed um\u011bleck\u00e9ho pl\u00e1tna na ze\u010f.<\/span><\/p>\n<p><img loading=\"lazy\" decoding=\"async\" class=\"aligncenter wp-image-9109 size-large\" src=\"https:\/\/blog.empikfoto.cz\/empikfoto\/2021\/08\/Platno-684x1024.jpg\" alt=\"Platno1\" width=\"684\" height=\"1024\" srcset=\"https:\/\/www.empikfoto.cz\/blog\/empikfoto\/2021\/08\/Platno-684x1024.jpg 684w, https:\/\/www.empikfoto.cz\/blog\/empikfoto\/2021\/08\/Platno-200x300.jpg 200w, https:\/\/www.empikfoto.cz\/blog\/empikfoto\/2021\/08\/Platno-768x1150.jpg 768w, https:\/\/www.empikfoto.cz\/blog\/empikfoto\/2021\/08\/Platno-1025x1536.jpg 1025w, https:\/\/www.empikfoto.cz\/blog\/empikfoto\/2021\/08\/Platno-400x599.jpg 400w, https:\/\/www.empikfoto.cz\/blog\/empikfoto\/2021\/08\/Platno.jpg 1183w\" sizes=\"auto, (max-width: 684px) 100vw, 684px\" \/><\/p>\n<h2><span style=\"font-weight: 400;\">Velikosti pl\u00e1tna<\/span><\/h2>\n<p><span style=\"font-weight: 400;\">Kde pl\u00e1nujete vystavit sv\u00e9 kr\u00e1sn\u00e9 nov\u00e9 fotoobrazy? Navrhujete dom\u00e1c\u00ed galerii z n\u011bkolika fotografi\u00ed, pot\u0159ebujete <a href=\"https:\/\/www.empikfoto.cz\/vybaveni-interieru\/fotoobrazy-druhy\">velk\u00fd obraz na pl\u00e1tn\u011b<\/a> nad krb nebo pohovku? Hled\u00e1te pl\u00e1tno se stojanem, kter\u00e9 by se ve\u0161lo na poli\u010dku nebo st\u016fl? U personalizovan\u00fdch v\u00fdtisk\u016f na pl\u00e1tn\u011b z\u00e1le\u017e\u00ed na velikosti. Na\u0161t\u011bst\u00ed m\u00e1te p\u0159i v\u00fdb\u011bru pl\u00e1tna k dispozici obrovskou \u0161k\u00e1lu vlastn\u00edch velikost\u00ed. Zde je n\u011bkolik m\u00edst, kam byste se mohli rozhodnout pov\u011bsit fotopl\u00e1tno konkr\u00e9tn\u00ed velikosti:<\/span><\/p>\n<ul>\n<li style=\"font-weight: 400;\" aria-level=\"1\"><span style=\"font-weight: 400;\">8 \u00d7 10: skv\u011bl\u00e9 pro dopln\u011bn\u00ed fotek na st\u011bn\u011b galerie nebo jako dopln\u011bk na st\u016fl nebo do knihovny<\/span><\/li>\n<li style=\"font-weight: 400;\" aria-level=\"1\"><span style=\"font-weight: 400;\">10 \u00d7 14: skv\u011bl\u00e9 pro pokoje pro hosty, kuchyn\u011b, mal\u00e9 kol\u00e1\u017ee<\/span><\/li>\n<li style=\"font-weight: 400;\" aria-level=\"1\"><span style=\"font-weight: 400;\">12 \u00d7 12: skv\u011bl\u00e9 pro mal\u00e9 ob\u00fdvac\u00ed pokoje, koupelny, st\u011bny galerie<\/span><\/li>\n<li style=\"font-weight: 400;\" aria-level=\"1\"><span style=\"font-weight: 400;\">16 \u00d7 16: skv\u011bl\u00e9 pro j\u00eddelny, st\u011bny galerie, velk\u00e9 chodby<\/span><\/li>\n<li style=\"font-weight: 400;\" aria-level=\"1\"><span style=\"font-weight: 400;\">16 \u00d7 20: skv\u011bl\u00e9 pro kancel\u00e1\u0159e, herny, ob\u00fdv\u00e1ky<\/span><\/li>\n<li style=\"font-weight: 400;\" aria-level=\"1\"><span style=\"font-weight: 400;\">20 \u00d7 30: skv\u011bl\u00e9 nad pohovku, postel, velk\u00e9 ob\u00fdvac\u00ed pokoje, fotokol\u00e1\u017e<\/span><\/li>\n<li style=\"font-weight: 400;\" aria-level=\"1\"><span style=\"font-weight: 400;\">24 \u00d7 36: skv\u011bl\u00e9 pro krb, velk\u00e9 pokoje, velk\u00e9 p\u0159eds\u00edn\u011b<\/span><\/li>\n<li style=\"font-weight: 400;\" aria-level=\"1\"><span style=\"font-weight: 400;\">30 \u00d7 40: skv\u011bl\u00e9 nad d\u011btskou post\u00fdlku, pohovku, velk\u00e9 pokoje<\/span><\/li>\n<li style=\"font-weight: 400;\" aria-level=\"1\"><span style=\"font-weight: 400;\">36 \u00d7 36: skv\u011bl\u00e9 nad krb, st\u0159edobod na zdi galerie, fotokol\u00e1\u017ee, odv\u00e1\u017en\u00e9 um\u011bleck\u00e9 v\u00fdtisky na pl\u00e1tn\u011b<\/span><\/li>\n<\/ul>\n<p><img loading=\"lazy\" decoding=\"async\" class=\"aligncenter wp-image-9110 size-full\" src=\"https:\/\/blog.empikfoto.cz\/empikfoto\/2021\/08\/platno2.jpg\" alt=\"platno2\" width=\"609\" height=\"430\" srcset=\"https:\/\/www.empikfoto.cz\/blog\/empikfoto\/2021\/08\/platno2.jpg 609w, https:\/\/www.empikfoto.cz\/blog\/empikfoto\/2021\/08\/platno2-300x212.jpg 300w, https:\/\/www.empikfoto.cz\/blog\/empikfoto\/2021\/08\/platno2-400x282.jpg 400w\" sizes=\"auto, (max-width: 609px) 100vw, 609px\" \/><\/p>\n<h2><span style=\"font-weight: 400;\">Uspo\u0159\u00e1d\u00e1n\u00ed a um\u00edst\u011bn\u00ed pl\u00e1tna<\/span><\/h2>\n<p><span style=\"font-weight: 400;\">Zav\u011b\u0161en\u00e9 <a href=\"https:\/\/www.empikfoto.cz\/fotografie\">fotky<\/a> na pl\u00e1tn\u011b ve va\u0161\u00ed dom\u00e1cnosti jsou jednou z mo\u017enost\u00ed, jak prom\u011bnit v\u00e1\u0161 domov. V z\u00e1vislosti na prost\u0159ed\u00ed, kter\u00e9 chcete vytvo\u0159it, a na va\u0161em jedine\u010dn\u00e9m stylu v\u00fdzdoby je d\u016fle\u017eit\u00e9 zv\u00e1\u017eit n\u011bkolik v\u011bc\u00ed. Pat\u0159\u00ed mezi n\u011b velikost a dekor m\u00edstnosti, velikost st\u011bny a po\u010det v\u00fdtisk\u016f, kter\u00e9 chcete vystavit.\u00a0<\/span><\/p>\n<p><span style=\"font-weight: 400;\">Men\u0161\u00ed pokoj, jako koupelna nebo mal\u00e1 lo\u017enice, m\u00e1 pravd\u011bpodobn\u011b men\u0161\u00ed st\u011bny a omezen\u00fd prostor pro celkovou v\u00fdzdobu. Je d\u016fle\u017eit\u00e9, abyste sv\u016fj prostor na zdi nezat\u011b\u017eovali p\u0159\u00edli\u0161 velk\u00fdm mno\u017estv\u00edm fotoobraz\u016f. Pomyslete tak\u00e9 na dekor, kter\u00fd zde ji\u017e m\u00e1te: men\u0161\u00ed prostor m\u016f\u017ee rychle p\u016fsobit st\u00edsn\u011bn\u011b a p\u0159epln\u011bn\u011b, pokud u\u017e m\u00e1 na st\u011bn\u00e1ch v\u00fdrazn\u00e9 dekorace. M\u011bjte to na pam\u011bti p\u0159i v\u00fdb\u011bru pl\u00e1ten, abyste nezp\u016fsobili, \u017ee prostor se bude zd\u00e1t men\u0161\u00ed ne\u017e je.<\/span><\/p>\n<p><span style=\"font-weight: 400;\">Pokud jde o v\u011bt\u0161\u00ed prostory, m\u00e1te trochu v\u011bt\u0161\u00ed svobodu. Vytvo\u0159te masivn\u00ed ze\u010f galerie, hrajte si s velikostmi a bavte se s barvou. Dbejte na spr\u00e1vn\u00e9 vypln\u011bn\u00ed prostoru &#8211; pokud nech\u00e1te p\u0159\u00edli\u0161 mnoho voln\u00e9ho m\u00edsta, m\u016f\u017eete jej p\u0159ekvapiv\u011b zmen\u0161it. Je to skv\u011bl\u00fd zp\u016fsob, jak se bavit a m\u011bnit sv\u00e1 pl\u00e1tna \u010dast\u011bji.<\/span><\/p>\n<p><span style=\"font-weight: 400;\">Bez ohledu na velikost m\u00edstnosti p\u0159em\u00fd\u0161lejte o \u00fa\u010delu prostoru. Zdob\u00edte si kancel\u00e1\u0159? D\u011btsk\u00fd pokoj va\u0161eho d\u00edt\u011bte? Spole\u010dn\u00fd prostor? M\u011bjte to na pam\u011bti, kdy\u017e pl\u00e1nujete, kter\u00e9 z nich vytisknout a jak sladit barvy. V dal\u0161\u00ed \u010d\u00e1sti se budeme zab\u00fdvat dal\u0161\u00edmi tipy pro p\u0159izp\u016fsoben\u00ed obraz\u016f.<\/span><\/p>\n<p><img loading=\"lazy\" decoding=\"async\" class=\"aligncenter wp-image-9111 size-full\" src=\"https:\/\/blog.empikfoto.cz\/empikfoto\/2021\/08\/platno3.jpg\" alt=\"platno3\" width=\"591\" height=\"443\" srcset=\"https:\/\/www.empikfoto.cz\/blog\/empikfoto\/2021\/08\/platno3.jpg 591w, https:\/\/www.empikfoto.cz\/blog\/empikfoto\/2021\/08\/platno3-300x225.jpg 300w, https:\/\/www.empikfoto.cz\/blog\/empikfoto\/2021\/08\/platno3-400x300.jpg 400w\" sizes=\"auto, (max-width: 591px) 100vw, 591px\" \/><\/p>\n<h2><span style=\"font-weight: 400;\">Tipy pro p\u0159izp\u016fsoben\u00ed<\/span><\/h2>\n<p><span style=\"font-weight: 400;\">P\u0159i <a href=\"https:\/\/www.empikfoto.cz\/obraz,love?tloustka=20&amp;rozmery=20x30\">vytv\u00e1\u0159en\u00ed fotoobraz\u016f<\/a> jste omezeni pouze svou fantazi\u00ed. Schopnost p\u0159izp\u016fsoben\u00ed je jedn\u00edm z d\u016fvod\u016f, pro\u010d jsou obrazy na pl\u00e1tn\u011b stejn\u011b skv\u011bl\u00e9 jako fotoknihy &#8211;\u00a0 jak pro vyzdoben\u00ed va\u0161eho domova tak jako d\u00e1rky. Existuje tolik mo\u017enost\u00ed, \u017ee ur\u010dit\u011b najdete ten prav\u00fd, kter\u00fd odpov\u00edd\u00e1 va\u0161emu stylu a rozpo\u010dtu.<\/span><\/p>\n<p><span style=\"font-weight: 400;\">Za\u010dn\u011bte n\u00e1m\u011btem, zvl\u00e1\u0161t\u011b pokud pl\u00e1nujete pov\u011bsit v\u00edce ne\u017e jeden v konkr\u00e9tn\u00edm prostoru. Vzpom\u00ednky na cesty, svatebn\u00ed fotografie, rodinn\u00e9 sn\u00edmky, \u010dernob\u00edl\u00e9 v\u00fdtisky a dal\u0161\u00ed &#8211; n\u00e1m\u011bt v\u00e1m pom\u016f\u017ee p\u0159izp\u016fsobit va\u0161i sjednocenou sb\u00edrku. Motiv nemus\u00ed b\u00fdt pro v\u0161echna pl\u00e1tna definitivn\u00ed. V pr\u016fb\u011bhu ro\u010dn\u00edch obdob\u00ed je m\u016f\u017eete snadno obm\u011b\u0148ovat a zkou\u0161et nov\u00fd vzhled. A\u0165 u\u017e ukazujete konkr\u00e9tn\u00ed ud\u00e1lost nebo vzd\u00e1v\u00e1te hold milovan\u00e9 osob\u011b, pl\u00e1tna lze snadno vym\u011bnit, kdy\u017e se objev\u00ed nov\u00e1 inspirace.<\/span><\/p>\n<p><span style=\"font-weight: 400;\">Celkov\u00fd vzhled va\u0161ich pl\u00e1ten se m\u016f\u017ee tak\u00e9 vyv\u00edjet a b\u00fdt kreativn\u00ed. Fotoobraz m\u016f\u017eete ozdobit p\u0159ipojen\u00edm dopl\u0148ku. P\u0159ipevn\u011bte nap\u0159\u00edklad do rohu fotografie svatebn\u00ed z\u00e1voj z va\u0161eho velk\u00e9ho dne. Pov\u011bste obojek nebo zn\u00e1mku k fotce zv\u00ed\u0159ete. Nebo p\u0159ipojte su\u0161en\u00e9 kv\u011btiny k fotografii p\u0159\u00edrody. Kombinujte drobnosti s v\u00fdtisky na pl\u00e1tn\u011b r\u016fzn\u00fdch velikost\u00ed a p\u0159idejte tak\u00e9 zar\u00e1movan\u00e9 fotky a dal\u0161\u00ed p\u0159edm\u011bty, jako jsou hodiny, zrcadla, kostry nebo rostliny. Mo\u017enosti jsou skute\u010dn\u011b nekone\u010dn\u00e9.<\/span><\/p>\n<p><span style=\"font-weight: 400;\">A\u0165 u\u017e hled\u00e1te jedin\u00fd v\u00fdrazn\u00fd kus nebo chcete vytvo\u0159it odv\u00e1\u017enou n\u00e1st\u011bnnou galerii, nebo chcete jedine\u010dnou <a href=\"https:\/\/www.empikfoto.cz\/vybaveni-interieru\/fotoplakaty-v-ramu\">vlastn\u00ed fotografii,<\/a> vytvo\u0159te si vlastn\u00ed foto na pl\u00e1tn\u011b a skon\u010d\u00edte s \u00fa\u017easn\u00fdm dopl\u0148kem, kter\u00fd jist\u011b zap\u016fsob\u00ed na ka\u017ed\u00e9ho, kdo vstoup\u00ed do va\u0161eho domova.<\/span><\/p>\n<p><img loading=\"lazy\" decoding=\"async\" class=\"aligncenter wp-image-9112 size-large\" src=\"https:\/\/blog.empikfoto.cz\/empikfoto\/2021\/08\/platno4-1024x709.jpg\" alt=\"platno4\" width=\"1024\" height=\"709\" srcset=\"https:\/\/www.empikfoto.cz\/blog\/empikfoto\/2021\/08\/platno4-1024x709.jpg 1024w, https:\/\/www.empikfoto.cz\/blog\/empikfoto\/2021\/08\/platno4-300x208.jpg 300w, https:\/\/www.empikfoto.cz\/blog\/empikfoto\/2021\/08\/platno4-768x531.jpg 768w, https:\/\/www.empikfoto.cz\/blog\/empikfoto\/2021\/08\/platno4-1536x1063.jpg 1536w, https:\/\/www.empikfoto.cz\/blog\/empikfoto\/2021\/08\/platno4-400x277.jpg 400w, https:\/\/www.empikfoto.cz\/blog\/empikfoto\/2021\/08\/platno4.jpg 1740w\" sizes=\"auto, (max-width: 1024px) 100vw, 1024px\" \/><\/p>\n","protected":false},"excerpt":{"rendered":"<p>Pokud hled\u00e1te trendy a poutav\u00fd zp\u016fsob, jak p\u0159edv\u00e9st sv\u00e9 nejlep\u0161\u00ed rodinn\u00e9 fotografie, obl\u00edben\u00e9 fotografie z cest, kreativn\u00ed fotokol\u00e1\u017e nebo kr\u00e1sn\u00e9 um\u011bleck\u00e9 d\u00edlo, kter\u00e9 dokonale lad\u00ed k dekorac\u00edm u v\u00e1s doma, nehledejte nic jin\u00e9ho ne\u017e vlastn\u00ed v\u00fdtisky na pl\u00e1tn\u011b. Nejen\u017ee jsou um\u011bleck\u00fdm prvkem, kter\u00fd ozdob\u00ed v\u00e1\u0161 domov, ale mohou b\u00fdt i zaj\u00edmav\u00fdm fotografick\u00fdm d\u00e1rkem. Osamocen\u011b vis\u00edc\u00ed jako odv\u00e1\u017en\u00fd voj\u00e1k nebo um\u011blecky sestaven\u00e9 na zdi galerie, tisky na pl\u00e1tn\u011b jsou extr\u00e9mn\u011b v\u0161estrann\u00e9 &#8211; hod\u00ed se stejn\u011b dob\u0159e do tradi\u010dn\u011b za\u0159\u00edzen\u00e9ho domova jako i do interi\u00e9ru modern\u011bj\u0161\u00edho stylu. Jsou vysoce kvalitn\u00ed, snadno se zav\u011b\u0161uj\u00ed a s trochou pl\u00e1nov\u00e1n\u00ed je lze tak\u00e9 snadno vytvo\u0159it. Pokud v\u00e1s zaj\u00edm\u00e1, kde za\u010d\u00edt, sestavili jsme pr\u016fvodce, kter\u00fd vysv\u011btl\u00ed, jak m\u016f\u017eete pro sv\u016fj domov vytvo\u0159it ty nejlep\u0161\u00ed v\u00fdtisky na pl\u00e1tno.<\/p>\n","protected":false},"author":23,"featured_media":9110,"comment_status":"open","ping_status":"closed","sticky":false,"template":"","format":"standard","meta":{"footnotes":""},"categories":[786],"tags":[],"class_list":["post-9106","post","type-post","status-publish","format-standard","has-post-thumbnail","hentry","category-inspiracje"],"yoast_head":"<!-- This site is optimized with the Yoast SEO plugin v23.2 - https:\/\/yoast.com\/wordpress\/plugins\/seo\/ -->\n<title>Jak vytvo\u0159it nejlep\u0161\u00ed v\u00fdtisky na pl\u00e1tno | blog.empikfoto.cz<\/title>\n<meta name=\"robots\" content=\"index, follow, max-snippet:-1, max-image-preview:large, max-video-preview:-1\" \/>\n<link rel=\"canonical\" href=\"https:\/\/www.empikfoto.cz\/blog\/vytvorit-nejlepsi-vytisky-platno\/\" \/>\n<meta property=\"og:locale\" content=\"pl_PL\" \/>\n<meta property=\"og:type\" content=\"article\" \/>\n<meta property=\"og:title\" content=\"Jak vytvo\u0159it nejlep\u0161\u00ed v\u00fdtisky na pl\u00e1tno | blog.empikfoto.cz\" \/>\n<meta property=\"og:description\" content=\"Pokud hled\u00e1te trendy a poutav\u00fd zp\u016fsob, jak p\u0159edv\u00e9st sv\u00e9 nejlep\u0161\u00ed rodinn\u00e9 fotografie, obl\u00edben\u00e9 fotografie z cest, kreativn\u00ed fotokol\u00e1\u017e nebo kr\u00e1sn\u00e9 um\u011bleck\u00e9 d\u00edlo, kter\u00e9 dokonale lad\u00ed k dekorac\u00edm u v\u00e1s doma, nehledejte nic jin\u00e9ho ne\u017e vlastn\u00ed v\u00fdtisky na pl\u00e1tn\u011b. Nejen\u017ee jsou um\u011bleck\u00fdm prvkem, kter\u00fd ozdob\u00ed v\u00e1\u0161 domov, ale mohou b\u00fdt i zaj\u00edmav\u00fdm fotografick\u00fdm d\u00e1rkem. Osamocen\u011b vis\u00edc\u00ed jako odv\u00e1\u017en\u00fd voj\u00e1k nebo um\u011blecky sestaven\u00e9 na zdi galerie, tisky na pl\u00e1tn\u011b jsou extr\u00e9mn\u011b v\u0161estrann\u00e9 &#8211; hod\u00ed se stejn\u011b dob\u0159e do tradi\u010dn\u011b za\u0159\u00edzen\u00e9ho domova jako i do interi\u00e9ru modern\u011bj\u0161\u00edho stylu. Jsou vysoce kvalitn\u00ed, snadno se zav\u011b\u0161uj\u00ed a s trochou pl\u00e1nov\u00e1n\u00ed je lze tak\u00e9 snadno vytvo\u0159it. Pokud v\u00e1s zaj\u00edm\u00e1, kde za\u010d\u00edt, sestavili jsme pr\u016fvodce, kter\u00fd vysv\u011btl\u00ed, jak m\u016f\u017eete pro sv\u016fj domov vytvo\u0159it ty nejlep\u0161\u00ed v\u00fdtisky na pl\u00e1tno.\" \/>\n<meta property=\"og:url\" content=\"https:\/\/www.empikfoto.cz\/blog\/vytvorit-nejlepsi-vytisky-platno\/\" \/>\n<meta property=\"og:site_name\" content=\"blog.empikfoto.cz\" \/>\n<meta property=\"article:publisher\" content=\"https:\/\/www.facebook.com\/empikfotocz\/\" \/>\n<meta property=\"article:published_time\" content=\"2021-06-05T19:08:22+00:00\" \/>\n<meta property=\"article:modified_time\" content=\"2021-08-04T10:35:57+00:00\" \/>\n<meta property=\"og:image\" content=\"https:\/\/www.empikfoto.cz\/blog\/empikfoto\/2021\/08\/platno2.jpg\" \/>\n\t<meta property=\"og:image:width\" content=\"609\" \/>\n\t<meta property=\"og:image:height\" content=\"430\" \/>\n\t<meta property=\"og:image:type\" content=\"image\/jpeg\" \/>\n<meta name=\"author\" content=\"Sara\" \/>\n<meta name=\"twitter:card\" content=\"summary_large_image\" \/>\n<meta name=\"twitter:label1\" content=\"Napisane przez\" \/>\n\t<meta name=\"twitter:data1\" content=\"Sara\" \/>\n\t<meta name=\"twitter:label2\" content=\"Szacowany czas czytania\" \/>\n\t<meta name=\"twitter:data2\" content=\"8 minut\" \/>\n<script type=\"application\/ld+json\" class=\"yoast-schema-graph\">{\"@context\":\"https:\/\/schema.org\",\"@graph\":[{\"@type\":\"WebPage\",\"@id\":\"https:\/\/www.empikfoto.cz\/blog\/vytvorit-nejlepsi-vytisky-platno\/\",\"url\":\"https:\/\/www.empikfoto.cz\/blog\/vytvorit-nejlepsi-vytisky-platno\/\",\"name\":\"Jak vytvo\u0159it nejlep\u0161\u00ed v\u00fdtisky na pl\u00e1tno | blog.empikfoto.cz\",\"isPartOf\":{\"@id\":\"https:\/\/www.empikfoto.cz\/blog\/#website\"},\"primaryImageOfPage\":{\"@id\":\"https:\/\/www.empikfoto.cz\/blog\/vytvorit-nejlepsi-vytisky-platno\/#primaryimage\"},\"image\":{\"@id\":\"https:\/\/www.empikfoto.cz\/blog\/vytvorit-nejlepsi-vytisky-platno\/#primaryimage\"},\"thumbnailUrl\":\"https:\/\/www.empikfoto.cz\/blog\/empikfoto\/2021\/08\/platno2.jpg\",\"datePublished\":\"2021-06-05T19:08:22+00:00\",\"dateModified\":\"2021-08-04T10:35:57+00:00\",\"author\":{\"@id\":\"https:\/\/www.empikfoto.cz\/blog\/#\/schema\/person\/6fa78c301a82a2080e0de5f602acc9a5\"},\"breadcrumb\":{\"@id\":\"https:\/\/www.empikfoto.cz\/blog\/vytvorit-nejlepsi-vytisky-platno\/#breadcrumb\"},\"inLanguage\":\"pl-PL\",\"potentialAction\":[{\"@type\":\"ReadAction\",\"target\":[\"https:\/\/www.empikfoto.cz\/blog\/vytvorit-nejlepsi-vytisky-platno\/\"]}]},{\"@type\":\"ImageObject\",\"inLanguage\":\"pl-PL\",\"@id\":\"https:\/\/www.empikfoto.cz\/blog\/vytvorit-nejlepsi-vytisky-platno\/#primaryimage\",\"url\":\"https:\/\/www.empikfoto.cz\/blog\/empikfoto\/2021\/08\/platno2.jpg\",\"contentUrl\":\"https:\/\/www.empikfoto.cz\/blog\/empikfoto\/2021\/08\/platno2.jpg\",\"width\":609,\"height\":430,\"caption\":\"platno2\"},{\"@type\":\"BreadcrumbList\",\"@id\":\"https:\/\/www.empikfoto.cz\/blog\/vytvorit-nejlepsi-vytisky-platno\/#breadcrumb\",\"itemListElement\":[{\"@type\":\"ListItem\",\"position\":1,\"name\":\"Strona g\u0142\u00f3wna\",\"item\":\"https:\/\/www.empikfoto.cz\/blog\/\"},{\"@type\":\"ListItem\",\"position\":2,\"name\":\"Jak vytvo\u0159it nejlep\u0161\u00ed v\u00fdtisky na pl\u00e1tno\"}]},{\"@type\":\"WebSite\",\"@id\":\"https:\/\/www.empikfoto.cz\/blog\/#website\",\"url\":\"https:\/\/www.empikfoto.cz\/blog\/\",\"name\":\"blog.empikfoto.cz\",\"description\":\"Nechte se inspirovat a darujte vzpom\u00ednky\",\"potentialAction\":[{\"@type\":\"SearchAction\",\"target\":{\"@type\":\"EntryPoint\",\"urlTemplate\":\"https:\/\/www.empikfoto.cz\/blog\/?s={search_term_string}\"},\"query-input\":\"required name=search_term_string\"}],\"inLanguage\":\"pl-PL\"},{\"@type\":\"Person\",\"@id\":\"https:\/\/www.empikfoto.cz\/blog\/#\/schema\/person\/6fa78c301a82a2080e0de5f602acc9a5\",\"name\":\"Sara\",\"image\":{\"@type\":\"ImageObject\",\"inLanguage\":\"pl-PL\",\"@id\":\"https:\/\/www.empikfoto.cz\/blog\/#\/schema\/person\/image\/\",\"url\":\"https:\/\/secure.gravatar.com\/avatar\/f5a40c58c49e47a6ea3eb42cd4d4f47a?s=96&d=identicon&r=g\",\"contentUrl\":\"https:\/\/secure.gravatar.com\/avatar\/f5a40c58c49e47a6ea3eb42cd4d4f47a?s=96&d=identicon&r=g\",\"caption\":\"Sara\"},\"url\":\"https:\/\/www.empikfoto.cz\/blog\/author\/sara\/\"}]}<\/script>\n<!-- \/ Yoast SEO plugin. -->","yoast_head_json":{"title":"Jak vytvo\u0159it nejlep\u0161\u00ed v\u00fdtisky na pl\u00e1tno | blog.empikfoto.cz","robots":{"index":"index","follow":"follow","max-snippet":"max-snippet:-1","max-image-preview":"max-image-preview:large","max-video-preview":"max-video-preview:-1"},"canonical":"https:\/\/www.empikfoto.cz\/blog\/vytvorit-nejlepsi-vytisky-platno\/","og_locale":"pl_PL","og_type":"article","og_title":"Jak vytvo\u0159it nejlep\u0161\u00ed v\u00fdtisky na pl\u00e1tno | blog.empikfoto.cz","og_description":"Pokud hled\u00e1te trendy a poutav\u00fd zp\u016fsob, jak p\u0159edv\u00e9st sv\u00e9 nejlep\u0161\u00ed rodinn\u00e9 fotografie, obl\u00edben\u00e9 fotografie z cest, kreativn\u00ed fotokol\u00e1\u017e nebo kr\u00e1sn\u00e9 um\u011bleck\u00e9 d\u00edlo, kter\u00e9 dokonale lad\u00ed k dekorac\u00edm u v\u00e1s doma, nehledejte nic jin\u00e9ho ne\u017e vlastn\u00ed v\u00fdtisky na pl\u00e1tn\u011b. Nejen\u017ee jsou um\u011bleck\u00fdm prvkem, kter\u00fd ozdob\u00ed v\u00e1\u0161 domov, ale mohou b\u00fdt i zaj\u00edmav\u00fdm fotografick\u00fdm d\u00e1rkem. Osamocen\u011b vis\u00edc\u00ed jako odv\u00e1\u017en\u00fd voj\u00e1k nebo um\u011blecky sestaven\u00e9 na zdi galerie, tisky na pl\u00e1tn\u011b jsou extr\u00e9mn\u011b v\u0161estrann\u00e9 &#8211; hod\u00ed se stejn\u011b dob\u0159e do tradi\u010dn\u011b za\u0159\u00edzen\u00e9ho domova jako i do interi\u00e9ru modern\u011bj\u0161\u00edho stylu. Jsou vysoce kvalitn\u00ed, snadno se zav\u011b\u0161uj\u00ed a s trochou pl\u00e1nov\u00e1n\u00ed je lze tak\u00e9 snadno vytvo\u0159it. Pokud v\u00e1s zaj\u00edm\u00e1, kde za\u010d\u00edt, sestavili jsme pr\u016fvodce, kter\u00fd vysv\u011btl\u00ed, jak m\u016f\u017eete pro sv\u016fj domov vytvo\u0159it ty nejlep\u0161\u00ed v\u00fdtisky na pl\u00e1tno.","og_url":"https:\/\/www.empikfoto.cz\/blog\/vytvorit-nejlepsi-vytisky-platno\/","og_site_name":"blog.empikfoto.cz","article_publisher":"https:\/\/www.facebook.com\/empikfotocz\/","article_published_time":"2021-06-05T19:08:22+00:00","article_modified_time":"2021-08-04T10:35:57+00:00","og_image":[{"width":609,"height":430,"url":"https:\/\/www.empikfoto.cz\/blog\/empikfoto\/2021\/08\/platno2.jpg","type":"image\/jpeg"}],"author":"Sara","twitter_card":"summary_large_image","twitter_misc":{"Napisane przez":"Sara","Szacowany czas czytania":"8 minut"},"schema":{"@context":"https:\/\/schema.org","@graph":[{"@type":"WebPage","@id":"https:\/\/www.empikfoto.cz\/blog\/vytvorit-nejlepsi-vytisky-platno\/","url":"https:\/\/www.empikfoto.cz\/blog\/vytvorit-nejlepsi-vytisky-platno\/","name":"Jak vytvo\u0159it nejlep\u0161\u00ed v\u00fdtisky na pl\u00e1tno | blog.empikfoto.cz","isPartOf":{"@id":"https:\/\/www.empikfoto.cz\/blog\/#website"},"primaryImageOfPage":{"@id":"https:\/\/www.empikfoto.cz\/blog\/vytvorit-nejlepsi-vytisky-platno\/#primaryimage"},"image":{"@id":"https:\/\/www.empikfoto.cz\/blog\/vytvorit-nejlepsi-vytisky-platno\/#primaryimage"},"thumbnailUrl":"https:\/\/www.empikfoto.cz\/blog\/empikfoto\/2021\/08\/platno2.jpg","datePublished":"2021-06-05T19:08:22+00:00","dateModified":"2021-08-04T10:35:57+00:00","author":{"@id":"https:\/\/www.empikfoto.cz\/blog\/#\/schema\/person\/6fa78c301a82a2080e0de5f602acc9a5"},"breadcrumb":{"@id":"https:\/\/www.empikfoto.cz\/blog\/vytvorit-nejlepsi-vytisky-platno\/#breadcrumb"},"inLanguage":"pl-PL","potentialAction":[{"@type":"ReadAction","target":["https:\/\/www.empikfoto.cz\/blog\/vytvorit-nejlepsi-vytisky-platno\/"]}]},{"@type":"ImageObject","inLanguage":"pl-PL","@id":"https:\/\/www.empikfoto.cz\/blog\/vytvorit-nejlepsi-vytisky-platno\/#primaryimage","url":"https:\/\/www.empikfoto.cz\/blog\/empikfoto\/2021\/08\/platno2.jpg","contentUrl":"https:\/\/www.empikfoto.cz\/blog\/empikfoto\/2021\/08\/platno2.jpg","width":609,"height":430,"caption":"platno2"},{"@type":"BreadcrumbList","@id":"https:\/\/www.empikfoto.cz\/blog\/vytvorit-nejlepsi-vytisky-platno\/#breadcrumb","itemListElement":[{"@type":"ListItem","position":1,"name":"Strona g\u0142\u00f3wna","item":"https:\/\/www.empikfoto.cz\/blog\/"},{"@type":"ListItem","position":2,"name":"Jak vytvo\u0159it nejlep\u0161\u00ed v\u00fdtisky na pl\u00e1tno"}]},{"@type":"WebSite","@id":"https:\/\/www.empikfoto.cz\/blog\/#website","url":"https:\/\/www.empikfoto.cz\/blog\/","name":"blog.empikfoto.cz","description":"Nechte se inspirovat a darujte vzpom\u00ednky","potentialAction":[{"@type":"SearchAction","target":{"@type":"EntryPoint","urlTemplate":"https:\/\/www.empikfoto.cz\/blog\/?s={search_term_string}"},"query-input":"required name=search_term_string"}],"inLanguage":"pl-PL"},{"@type":"Person","@id":"https:\/\/www.empikfoto.cz\/blog\/#\/schema\/person\/6fa78c301a82a2080e0de5f602acc9a5","name":"Sara","image":{"@type":"ImageObject","inLanguage":"pl-PL","@id":"https:\/\/www.empikfoto.cz\/blog\/#\/schema\/person\/image\/","url":"https:\/\/secure.gravatar.com\/avatar\/f5a40c58c49e47a6ea3eb42cd4d4f47a?s=96&d=identicon&r=g","contentUrl":"https:\/\/secure.gravatar.com\/avatar\/f5a40c58c49e47a6ea3eb42cd4d4f47a?s=96&d=identicon&r=g","caption":"Sara"},"url":"https:\/\/www.empikfoto.cz\/blog\/author\/sara\/"}]}},"_links":{"self":[{"href":"https:\/\/www.empikfoto.cz\/blog\/wp-json\/wp\/v2\/posts\/9106","targetHints":{"allow":["GET"]}}],"collection":[{"href":"https:\/\/www.empikfoto.cz\/blog\/wp-json\/wp\/v2\/posts"}],"about":[{"href":"https:\/\/www.empikfoto.cz\/blog\/wp-json\/wp\/v2\/types\/post"}],"author":[{"embeddable":true,"href":"https:\/\/www.empikfoto.cz\/blog\/wp-json\/wp\/v2\/users\/23"}],"replies":[{"embeddable":true,"href":"https:\/\/www.empikfoto.cz\/blog\/wp-json\/wp\/v2\/comments?post=9106"}],"version-history":[{"count":1,"href":"https:\/\/www.empikfoto.cz\/blog\/wp-json\/wp\/v2\/posts\/9106\/revisions"}],"predecessor-version":[{"id":9113,"href":"https:\/\/www.empikfoto.cz\/blog\/wp-json\/wp\/v2\/posts\/9106\/revisions\/9113"}],"wp:featuredmedia":[{"embeddable":true,"href":"https:\/\/www.empikfoto.cz\/blog\/wp-json\/wp\/v2\/media\/9110"}],"wp:attachment":[{"href":"https:\/\/www.empikfoto.cz\/blog\/wp-json\/wp\/v2\/media?parent=9106"}],"wp:term":[{"taxonomy":"category","embeddable":true,"href":"https:\/\/www.empikfoto.cz\/blog\/wp-json\/wp\/v2\/categories?post=9106"},{"taxonomy":"post_tag","embeddable":true,"href":"https:\/\/www.empikfoto.cz\/blog\/wp-json\/wp\/v2\/tags?post=9106"}],"curies":[{"name":"wp","href":"https:\/\/api.w.org\/{rel}","templated":true}]}}