{"id":9298,"date":"2025-06-03T11:17:31","date_gmt":"2025-06-03T09:17:31","guid":{"rendered":"https:\/\/www.empikfoto.cz\/blog\/?p=9298"},"modified":"2025-06-03T11:17:31","modified_gmt":"2025-06-03T09:17:31","slug":"dekorace-do-kuchyne-na-zed-tipy-na-plakaty","status":"publish","type":"post","link":"https:\/\/www.empikfoto.cz\/blog\/dekorace-do-kuchyne-na-zed-tipy-na-plakaty\/","title":{"rendered":"Dekorace do kuchyn\u011b na ze\u010f: Jak\u00e9 plak\u00e1ty vybrat pro povzbuzen\u00ed smysl\u016f?"},"content":{"rendered":"<p><strong data-start=\"577\" data-end=\"607\">Dekorace do kuchyn\u011b na ze\u010f<\/strong> nejsou jen estetick\u00fdm dopl\u0148kem \u2013 mohou prom\u011bnit va\u0161i kuchyni v prostor, kter\u00fd podn\u011bcuje chu\u0165 k j\u00eddlu a inspiruje k va\u0159en\u00ed.<br data-start=\"730\" data-end=\"733\" \/>Stalo se v\u00e1m n\u011bkdy, \u017ee jste sledovali kulin\u00e1\u0159sk\u00fd po\u0159ad a okam\u017eit\u011b dostali hlad? P\u0159em\u00fd\u0161leli jste, pro\u010d se n\u00e1m za\u010dnou sb\u00edhat sliny, kdy\u017e v hork\u00e9m dni vid\u00edme reklamu na orosen\u00fd n\u00e1poj? A nebo t\u00e9m\u011b\u0159 c\u00edt\u00edte chu\u0165 k\u00e1vy, kter\u00e1 se kou\u0159\u00ed z plak\u00e1tu zn\u00e1m\u00e9ho \u0159et\u011bzce?<br data-start=\"988\" data-end=\"991\" \/>Obraz je siln\u00fd stimul, zvl\u00e1\u0161t\u011b kdy\u017e se t\u00fdk\u00e1 tak \u00fa\u017easn\u00e9 v\u011bci, jako je j\u00eddlo. Pokrm, kter\u00fd vypad\u00e1 chutn\u011b, je u\u017e polovinou \u00fasp\u011bchu v t\u011b\u017ek\u00e9m um\u011bn\u00ed zvan\u00e9m va\u0159en\u00ed.<br data-start=\"1150\" data-end=\"1153\" \/>Jak tedy za\u0159\u00eddit, aby n\u00e1\u0161 domov \u2013 a konkr\u00e9tn\u011b kuchyn\u011b \u2013 byl stejn\u011b podn\u011btn\u00fd pro smysly jako opravdov\u00e9 j\u00eddlo? Skv\u011bl\u00fdm \u0159e\u0161en\u00edm jsou pr\u00e1v\u011b <strong data-start=\"1291\" data-end=\"1331\">plak\u00e1ty a dekorace do kuchyn\u011b na ze\u010f<\/strong>, kter\u00e9 prostor nejen z\u00fatuln\u00ed, ale i povzbud\u00ed chu\u0165 k j\u00eddlu.<\/p>\n<h2 data-start=\"706\" data-end=\"757\">Styl interi\u00e9ru a plak\u00e1ty do kuchyn\u011b \u2013 inspirace<\/h2>\n<p data-start=\"759\" data-end=\"1287\">Trendy v interi\u00e9rov\u00e9m designu se neust\u00e1le m\u011bn\u00ed. V pr\u016fb\u011bhu \u010dasu se m\u011bn\u00ed i n\u00e1\u0161 smysl pro estetiku, m\u00f3da, obl\u00edben\u00e9 barvy a na\u0161e o\u010dek\u00e1v\u00e1n\u00ed od prostoru, kter\u00fd naz\u00fdv\u00e1me domovem. Od tradicionalist\u016f po milovn\u00edky um\u011bn\u00ed a extravagance, od t\u011bch, kte\u0159\u00ed maj\u00ed r\u00e1di dom\u00e1c\u00ed pohodu, a\u017e po ty, kte\u0159\u00ed preferuj\u00ed bl\u00e1zniv\u00e9 detaily \u2013 v\u0161ichni se n\u011bkdy dostaneme do bodu, kdy si mus\u00edme za\u0159\u00eddit sv\u00e9 bydlen\u00ed, i kdy\u017e nen\u00ed zcela na\u0161e vlastn\u00ed. V z\u00e1vislosti na stylu, kter\u00fd si zvol\u00edte, <strong>mohou <a href=\"https:\/\/www.empikfoto.cz\/vybaveni-interieru\/plakaty-hotove-vzory\">kuchy\u0148sk\u00e9 plak\u00e1ty<\/a> dan\u00fd vzhled bu\u010f<\/strong> podtrhnout, nebo z\u00e1m\u011brn\u011b naru\u0161it.<\/p>\n<p data-start=\"759\" data-end=\"1287\"><img loading=\"lazy\" decoding=\"async\" class=\"aligncenter size-full wp-image-9071\" src=\"https:\/\/www.empikfoto.cz\/blog\/empikfoto\/2021\/06\/pexels-polina-tankilevitch-4110001.jpg\" alt=\"\" width=\"1920\" height=\"1280\" srcset=\"https:\/\/www.empikfoto.cz\/blog\/empikfoto\/2021\/06\/pexels-polina-tankilevitch-4110001.jpg 1920w, https:\/\/www.empikfoto.cz\/blog\/empikfoto\/2021\/06\/pexels-polina-tankilevitch-4110001-300x200.jpg 300w, https:\/\/www.empikfoto.cz\/blog\/empikfoto\/2021\/06\/pexels-polina-tankilevitch-4110001-1024x683.jpg 1024w, https:\/\/www.empikfoto.cz\/blog\/empikfoto\/2021\/06\/pexels-polina-tankilevitch-4110001-768x512.jpg 768w, https:\/\/www.empikfoto.cz\/blog\/empikfoto\/2021\/06\/pexels-polina-tankilevitch-4110001-1536x1024.jpg 1536w, https:\/\/www.empikfoto.cz\/blog\/empikfoto\/2021\/06\/pexels-polina-tankilevitch-4110001-330x220.jpg 330w, https:\/\/www.empikfoto.cz\/blog\/empikfoto\/2021\/06\/pexels-polina-tankilevitch-4110001-400x267.jpg 400w\" sizes=\"auto, (max-width: 1920px) 100vw, 1920px\" \/><\/p>\n<p data-start=\"1289\" data-end=\"1521\">V modern\u00ed kuchyni s <strong>minimalistick\u00fdm designem<\/strong> se nejl\u00e9pe hod\u00ed plak\u00e1ty podobn\u00e9ho charakteru. \u010cernob\u00edl\u00e9 fotografie, abstraktn\u00ed grafika, zv\u00fdrazn\u011bn\u00ed v\u00fdraznou barvou (nejl\u00e9pe jednou), nebo jemn\u00e9, rozost\u0159en\u00e9 v\u00fdjevy: horizonty, vlny, mraky.<\/p>\n<p data-start=\"1523\" data-end=\"2022\">Pokud m\u00e1te r\u00e1di<strong> rustik\u00e1ln\u00ed<\/strong> styl, boho interi\u00e9ry s p\u0159\u00edrodn\u00ed a organickou energi\u00ed a tepl\u00fdmi, \u00fatuln\u00fdmi t\u00f3ny, vyb\u00edrejte <strong>plak\u00e1ty do kuchyn\u011b s rostlinn\u00fdmi motivy<\/strong> (zvl\u00e1\u0161t\u011b ve velk\u00e9m form\u00e1tu kr\u00e1sn\u011b vypadaj\u00ed makro fotografie rostlin nebo ko\u0159en\u00ed, \u010di p\u0159\u00edroda pokryt\u00e1 kapkami de\u0161t\u011b). S\u00e1hn\u011bte po barv\u00e1ch jako je v\u00ednov\u00e1, b\u00e9\u017eov\u00e1, oran\u017eov\u00e1, hn\u011bd\u00e1. Zejm\u00e9na b\u00e9\u017eov\u00e1 si z\u00edsk\u00e1v\u00e1 srdce v\u0161ech milovn\u00edk\u016f boho stylu, kde v r\u016fzn\u00fdch odst\u00ednech a kombinac\u00edch se syt\u011bj\u0161\u00edmi barvami vytv\u00e1\u0159\u00ed kr\u00e1sn\u00e9, i kdy\u017e minimalistick\u00e9 kompozice.<\/p>\n<p data-start=\"1523\" data-end=\"2022\"><img loading=\"lazy\" decoding=\"async\" class=\"aligncenter size-full wp-image-9202\" src=\"https:\/\/www.empikfoto.cz\/blog\/empikfoto\/2024\/08\/2blog.jpg\" alt=\"v\u00fdzdoba interi\u00e9ru\" width=\"1024\" height=\"683\" srcset=\"https:\/\/www.empikfoto.cz\/blog\/empikfoto\/2024\/08\/2blog.jpg 1024w, https:\/\/www.empikfoto.cz\/blog\/empikfoto\/2024\/08\/2blog-300x200.jpg 300w, https:\/\/www.empikfoto.cz\/blog\/empikfoto\/2024\/08\/2blog-768x512.jpg 768w, https:\/\/www.empikfoto.cz\/blog\/empikfoto\/2024\/08\/2blog-330x220.jpg 330w, https:\/\/www.empikfoto.cz\/blog\/empikfoto\/2024\/08\/2blog-400x267.jpg 400w\" sizes=\"auto, (max-width: 1024px) 100vw, 1024px\" \/><\/p>\n<p data-start=\"2024\" data-end=\"2517\"><strong>Industri\u00e1ln\u00ed kuchyn\u011b<\/strong> se vyzna\u010duj\u00ed surovost\u00ed, \u010dasto spojenou s prvky, kter\u00e9 se d\u0159\u00edve zakr\u00fdvaly \u2013 nap\u0159\u00edklad cihly nebo beton (dnes u\u017e dekora\u010dn\u00ed beton). V kombinaci s kovov\u00fdmi prvky a siln\u00fdmi kontrasty (b\u00edl\u00e1, \u010dern\u00e1, \u010derven\u00e1) vznik\u00e1 nad\u010dasov\u00e1 elegance, funk\u010dnost a nenucen\u00fd styl. <strong>Kuchyn\u011b v industri\u00e1ln\u00edm stylu miluje fotografie z velkom\u011bst<\/strong> (nap\u0159. New Yorku nebo bl\u00edzk\u00e9 Var\u0161avy). M\u011bstsk\u00e9 motivy a typografick\u00e9 plak\u00e1ty jsou trefou do \u010dern\u00e9ho \u2013 dodaj\u00ed kuchyni n\u011bco v\u00edc ne\u017e jen jej\u00ed praktickou funkci.<\/p>\n<h2 data-start=\"2524\" data-end=\"2573\">Plak\u00e1ty do kuchyn\u011b \u2013 inspirace motiv\u016f a t\u00e9mat<\/h2>\n<p data-start=\"2575\" data-end=\"2835\">Plak\u00e1ty nejsou jen obrazem, ale i t\u00edm, co symbolizuj\u00ed a vyjad\u0159uj\u00ed. Proto tolik milujeme<a href=\"https:\/\/www.empikfoto.cz\/vybaveni-interieru\/plakaty-hotove-vzory\"><strong> plak\u00e1ty s texty<\/strong><\/a> \u2013 obl\u00edben\u00fdmi cit\u00e1ty z knih, film\u016f nebo slovy od na\u0161ich osobn\u00edch autorit. Pokud p\u0159em\u00fd\u0161l\u00edte, <strong>jak\u00e9 motivy jsou v kuchyn\u00edch nejpopul\u00e1rn\u011bj\u0161\u00ed,<\/strong> tady m\u00e1te p\u00e1r tip\u016f:<\/p>\n<ul data-start=\"2837\" data-end=\"3647\">\n<li data-start=\"2837\" data-end=\"2906\">\n<p data-start=\"2839\" data-end=\"2906\"><strong data-start=\"2839\" data-end=\"2849\">Cit\u00e1ty<\/strong>, p\u0159edev\u0161\u00edm o u\u017e\u00edv\u00e1n\u00ed \u017eivota, \u0161t\u011bst\u00ed, j\u00eddle nebo rodin\u011b<\/p>\n<\/li>\n<li data-start=\"2907\" data-end=\"2992\">\n<p data-start=\"2909\" data-end=\"2992\"><strong data-start=\"2909\" data-end=\"2930\">Kulin\u00e1\u0159sk\u00e9 motivy<\/strong>, nap\u0159. plak\u00e1ty s k\u00e1vou, \u010dajem, ko\u0159en\u00edm nebo l\u00e1kav\u00fdmi pokrmy<\/p>\n<\/li>\n<li data-start=\"2993\" data-end=\"3066\">\n<p data-start=\"2995\" data-end=\"3066\"><strong data-start=\"2995\" data-end=\"3004\">Um\u011bn\u00ed<\/strong>, tedy reprodukce slavn\u00fdch d\u011bl nebo jejich origin\u00e1ln\u00ed \u00fapravy<\/p>\n<\/li>\n<li data-start=\"3067\" data-end=\"3153\">\n<p data-start=\"3069\" data-end=\"3153\"><strong data-start=\"3069\" data-end=\"3108\">Ilustrace ovoce, zeleniny a bylinek<\/strong>, \u010dasto ve stylu star\u00fdch u\u010debn\u00edch ilustrac\u00ed<\/p>\n<\/li>\n<li data-start=\"3154\" data-end=\"3262\">\n<p data-start=\"3156\" data-end=\"3262\"><strong data-start=\"3156\" data-end=\"3191\">Typografick\u00e9 plak\u00e1ty bez cit\u00e1t\u016f<\/strong>, minimalistick\u00e9 \u2013 nap\u0159. s \u010desk\u00fdmi v\u00fdrazy, interpunk\u010dn\u00edmi znaky apod.<\/p>\n<\/li>\n<li data-start=\"3263\" data-end=\"3394\">\n<p data-start=\"3265\" data-end=\"3394\"><strong data-start=\"3265\" data-end=\"3299\">Rodinn\u00e9 fotografie a vzpom\u00ednky<\/strong>, zvl\u00e1\u0161t\u011b \u010dernob\u00edl\u00e9 \u2013 obl\u00edben\u00e9 jsou ka\u017edodenn\u00ed momenty, radostn\u00e9 z\u00e1\u017eitky, sn\u00edmky z dovolen\u00fdch<\/p>\n<\/li>\n<li data-start=\"3395\" data-end=\"3498\">\n<p data-start=\"3397\" data-end=\"3498\"><strong data-start=\"3397\" data-end=\"3416\">P\u0159\u00edrodn\u00ed motivy<\/strong>, jako nap\u0159. letokruhy stromu, rosa na listech, kv\u011btiny, louky nebo z\u00e1b\u011bry z hor<\/p>\n<\/li>\n<li data-start=\"3499\" data-end=\"3647\">\n<p data-start=\"3501\" data-end=\"3647\"><strong data-start=\"3501\" data-end=\"3544\">Plak\u00e1ty s recepty, infografiky a n\u00e1vody<\/strong>, nap\u0159. vizu\u00e1ln\u00ed n\u00e1vod na p\u0159\u00edpravu k\u00e1vy, rozd\u011blen\u00ed t\u011bstovin, koktejly nebo recepty z babi\u010d\u010dina se\u0161itu<\/p>\n<\/li>\n<\/ul>\n<p><img loading=\"lazy\" decoding=\"async\" class=\"aligncenter size-full wp-image-9201\" src=\"https:\/\/www.empikfoto.cz\/blog\/empikfoto\/2024\/08\/1blog.jpg\" alt=\"v\u00fdzdoba interi\u00e9ru\" width=\"750\" height=\"375\" srcset=\"https:\/\/www.empikfoto.cz\/blog\/empikfoto\/2024\/08\/1blog.jpg 750w, https:\/\/www.empikfoto.cz\/blog\/empikfoto\/2024\/08\/1blog-300x150.jpg 300w, https:\/\/www.empikfoto.cz\/blog\/empikfoto\/2024\/08\/1blog-400x200.jpg 400w\" sizes=\"auto, (max-width: 750px) 100vw, 750px\" \/><\/p>\n<p>&nbsp;<\/p>\n<p data-start=\"3654\" data-end=\"4245\"><a href=\"https:\/\/www.empikfoto.cz\/vybaveni-interieru\/plakaty-hotove-vzory\"><strong>Dekorace do kuchyn\u011b na ze\u010f<\/strong><\/a> jsou skv\u011bl\u00fdm zp\u016fsobem, jak osv\u011b\u017eit interi\u00e9r a dodat mu osobit\u00fd charakter. P\u0159i jejich v\u00fdb\u011bru se zam\u011b\u0159te na styl va\u0161\u00ed kuchyn\u011b, tematiku a motivy plak\u00e1tu. D\u016fle\u017eit\u00e9 jsou i rozm\u011bry, rozlo\u017een\u00ed a slad\u011bn\u00ed s ostatn\u00edmi dekoracemi v dom\u00e1cnosti. Nepodce\u0148ujte s\u00edlu plak\u00e1t\u016f v interi\u00e9ru \u2013 sv\u011btl\u00e9 a barevn\u00e9 fotografie mohou prosv\u011btlit tmav\u0161\u00ed m\u00edstnost, zat\u00edmco tlumen\u00e9 ilustrace vnesou klid do barevn\u011b v\u00fdrazn\u00e9 kuchyn\u011b. <strong>Je to ide\u00e1ln\u00ed n\u00e1pad na levnou a efektivn\u00ed prom\u011bnu<\/strong>, bez vrt\u00e1n\u00ed a malov\u00e1n\u00ed. Nebojte se experimentovat a vyjad\u0159ovat svou osobnost prost\u0159ednictv\u00edm um\u011bn\u00ed na zdech sv\u00e9 kuchyn\u011b!<\/p>\n","protected":false},"excerpt":{"rendered":"<p>Dekorace do kuchyn\u011b na ze\u010f nejsou jen estetick\u00fdm dopl\u0148kem \u2013 mohou prom\u011bnit va\u0161i kuchyni v prostor, kter\u00fd podn\u011bcuje chu\u0165 k j\u00eddlu a inspiruje k va\u0159en\u00ed.Stalo se v\u00e1m n\u011bkdy, \u017ee jste sledovali kulin\u00e1\u0159sk\u00fd po\u0159ad a okam\u017eit\u011b dostali hlad? P\u0159em\u00fd\u0161leli jste, pro\u010d se n\u00e1m za\u010dnou sb\u00edhat sliny, kdy\u017e v hork\u00e9m dni vid\u00edme reklamu na orosen\u00fd n\u00e1poj? A nebo t\u00e9m\u011b\u0159 c\u00edt\u00edte chu\u0165 k\u00e1vy, kter\u00e1 se kou\u0159\u00ed z plak\u00e1tu zn\u00e1m\u00e9ho \u0159et\u011bzce?Obraz je siln\u00fd stimul, zvl\u00e1\u0161t\u011b kdy\u017e se t\u00fdk\u00e1 tak \u00fa\u017easn\u00e9 v\u011bci, jako je j\u00eddlo. Pokrm, kter\u00fd vypad\u00e1 chutn\u011b, je u\u017e polovinou \u00fasp\u011bchu v t\u011b\u017ek\u00e9m um\u011bn\u00ed zvan\u00e9m va\u0159en\u00ed.Jak tedy za\u0159\u00eddit, aby n\u00e1\u0161 domov \u2013 a konkr\u00e9tn\u011b kuchyn\u011b \u2013 byl stejn\u011b podn\u011btn\u00fd pro smysly jako opravdov\u00e9 j\u00eddlo? Skv\u011bl\u00fdm \u0159e\u0161en\u00edm jsou pr\u00e1v\u011b plak\u00e1ty a dekorace do kuchyn\u011b na ze\u010f, kter\u00e9 prostor nejen z\u00fatuln\u00ed, ale i povzbud\u00ed chu\u0165 k j\u00eddlu. Styl interi\u00e9ru a plak\u00e1ty do kuchyn\u011b \u2013 inspirace Trendy v interi\u00e9rov\u00e9m designu se neust\u00e1le m\u011bn\u00ed. V pr\u016fb\u011bhu \u010dasu se m\u011bn\u00ed i n\u00e1\u0161 smysl pro estetiku, m\u00f3da, obl\u00edben\u00e9 barvy a na\u0161e o\u010dek\u00e1v\u00e1n\u00ed od prostoru, kter\u00fd naz\u00fdv\u00e1me domovem. Od tradicionalist\u016f po milovn\u00edky um\u011bn\u00ed a extravagance, od t\u011bch, kte\u0159\u00ed maj\u00ed r\u00e1di dom\u00e1c\u00ed pohodu, a\u017e po ty, kte\u0159\u00ed preferuj\u00ed bl\u00e1zniv\u00e9 detaily \u2013 v\u0161ichni se n\u011bkdy dostaneme do bodu, kdy si mus\u00edme za\u0159\u00eddit sv\u00e9 bydlen\u00ed, i kdy\u017e nen\u00ed zcela na\u0161e vlastn\u00ed. V z\u00e1vislosti na stylu, kter\u00fd si zvol\u00edte, mohou kuchy\u0148sk\u00e9 plak\u00e1ty dan\u00fd vzhled bu\u010f podtrhnout, nebo z\u00e1m\u011brn\u011b naru\u0161it. V modern\u00ed kuchyni s minimalistick\u00fdm designem se nejl\u00e9pe hod\u00ed plak\u00e1ty podobn\u00e9ho charakteru. \u010cernob\u00edl\u00e9 fotografie, abstraktn\u00ed grafika, zv\u00fdrazn\u011bn\u00ed v\u00fdraznou barvou (nejl\u00e9pe jednou), nebo jemn\u00e9, rozost\u0159en\u00e9 v\u00fdjevy: horizonty, vlny, mraky. Pokud m\u00e1te r\u00e1di rustik\u00e1ln\u00ed styl, boho interi\u00e9ry s p\u0159\u00edrodn\u00ed a organickou energi\u00ed a tepl\u00fdmi, \u00fatuln\u00fdmi t\u00f3ny, vyb\u00edrejte plak\u00e1ty do kuchyn\u011b s rostlinn\u00fdmi motivy (zvl\u00e1\u0161t\u011b ve velk\u00e9m form\u00e1tu kr\u00e1sn\u011b vypadaj\u00ed makro fotografie rostlin nebo ko\u0159en\u00ed, \u010di p\u0159\u00edroda pokryt\u00e1 kapkami de\u0161t\u011b). S\u00e1hn\u011bte po barv\u00e1ch jako je v\u00ednov\u00e1, b\u00e9\u017eov\u00e1, oran\u017eov\u00e1, hn\u011bd\u00e1. Zejm\u00e9na b\u00e9\u017eov\u00e1 si z\u00edsk\u00e1v\u00e1 srdce v\u0161ech milovn\u00edk\u016f boho stylu, kde v r\u016fzn\u00fdch odst\u00ednech a kombinac\u00edch se syt\u011bj\u0161\u00edmi barvami vytv\u00e1\u0159\u00ed kr\u00e1sn\u00e9, i kdy\u017e minimalistick\u00e9 kompozice. Industri\u00e1ln\u00ed kuchyn\u011b se vyzna\u010duj\u00ed surovost\u00ed, \u010dasto spojenou s prvky, kter\u00e9 se d\u0159\u00edve zakr\u00fdvaly \u2013 nap\u0159\u00edklad cihly nebo beton (dnes u\u017e dekora\u010dn\u00ed beton). V kombinaci s kovov\u00fdmi prvky a siln\u00fdmi kontrasty (b\u00edl\u00e1, \u010dern\u00e1, \u010derven\u00e1) vznik\u00e1 nad\u010dasov\u00e1 elegance, funk\u010dnost a nenucen\u00fd styl. Kuchyn\u011b v industri\u00e1ln\u00edm stylu miluje fotografie z velkom\u011bst (nap\u0159. New Yorku nebo bl\u00edzk\u00e9 Var\u0161avy). M\u011bstsk\u00e9 motivy a typografick\u00e9 plak\u00e1ty jsou trefou do \u010dern\u00e9ho \u2013 dodaj\u00ed kuchyni n\u011bco v\u00edc ne\u017e jen jej\u00ed praktickou funkci. Plak\u00e1ty do kuchyn\u011b \u2013 inspirace motiv\u016f a t\u00e9mat Plak\u00e1ty nejsou jen obrazem, ale i t\u00edm, co symbolizuj\u00ed a vyjad\u0159uj\u00ed. Proto tolik milujeme plak\u00e1ty s texty \u2013 obl\u00edben\u00fdmi cit\u00e1ty z knih, film\u016f nebo slovy od na\u0161ich osobn\u00edch autorit. Pokud p\u0159em\u00fd\u0161l\u00edte, jak\u00e9 motivy jsou v kuchyn\u00edch nejpopul\u00e1rn\u011bj\u0161\u00ed, tady m\u00e1te p\u00e1r tip\u016f: Cit\u00e1ty, p\u0159edev\u0161\u00edm o u\u017e\u00edv\u00e1n\u00ed \u017eivota, \u0161t\u011bst\u00ed, j\u00eddle nebo rodin\u011b Kulin\u00e1\u0159sk\u00e9 motivy, nap\u0159. plak\u00e1ty s k\u00e1vou, \u010dajem, ko\u0159en\u00edm nebo l\u00e1kav\u00fdmi pokrmy Um\u011bn\u00ed, tedy reprodukce slavn\u00fdch d\u011bl nebo jejich origin\u00e1ln\u00ed \u00fapravy Ilustrace ovoce, zeleniny a bylinek, \u010dasto ve stylu star\u00fdch u\u010debn\u00edch ilustrac\u00ed Typografick\u00e9 plak\u00e1ty bez cit\u00e1t\u016f, minimalistick\u00e9 \u2013 nap\u0159. s \u010desk\u00fdmi v\u00fdrazy, interpunk\u010dn\u00edmi znaky apod. Rodinn\u00e9 fotografie a vzpom\u00ednky, zvl\u00e1\u0161t\u011b \u010dernob\u00edl\u00e9 \u2013 obl\u00edben\u00e9 jsou ka\u017edodenn\u00ed momenty, radostn\u00e9 z\u00e1\u017eitky, sn\u00edmky z dovolen\u00fdch P\u0159\u00edrodn\u00ed motivy, jako nap\u0159. letokruhy stromu, rosa na listech, kv\u011btiny, louky nebo z\u00e1b\u011bry z hor Plak\u00e1ty s recepty, infografiky a n\u00e1vody, nap\u0159. vizu\u00e1ln\u00ed n\u00e1vod na p\u0159\u00edpravu k\u00e1vy, rozd\u011blen\u00ed t\u011bstovin, koktejly nebo recepty z babi\u010d\u010dina se\u0161itu &nbsp; Dekorace do kuchyn\u011b na ze\u010f jsou skv\u011bl\u00fdm zp\u016fsobem, jak osv\u011b\u017eit interi\u00e9r a dodat mu osobit\u00fd charakter. P\u0159i jejich v\u00fdb\u011bru se zam\u011b\u0159te na styl va\u0161\u00ed kuchyn\u011b, tematiku a motivy plak\u00e1tu. D\u016fle\u017eit\u00e9 jsou i rozm\u011bry, rozlo\u017een\u00ed a slad\u011bn\u00ed s ostatn\u00edmi dekoracemi v dom\u00e1cnosti. Nepodce\u0148ujte s\u00edlu plak\u00e1t\u016f v interi\u00e9ru \u2013 sv\u011btl\u00e9 a barevn\u00e9 fotografie mohou prosv\u011btlit tmav\u0161\u00ed m\u00edstnost, zat\u00edmco tlumen\u00e9 ilustrace vnesou klid do barevn\u011b v\u00fdrazn\u00e9 kuchyn\u011b. Je to ide\u00e1ln\u00ed n\u00e1pad na levnou a efektivn\u00ed prom\u011bnu, bez vrt\u00e1n\u00ed a malov\u00e1n\u00ed. Nebojte se experimentovat a vyjad\u0159ovat svou osobnost prost\u0159ednictv\u00edm um\u011bn\u00ed na zdech sv\u00e9 kuchyn\u011b!<\/p>\n","protected":false},"author":30,"featured_media":8749,"comment_status":"closed","ping_status":"closed","sticky":false,"template":"","format":"standard","meta":{"footnotes":""},"categories":[113,782,786,784,750,783,1],"tags":[921,929,847,922,924,920],"class_list":["post-9298","post","type-post","status-publish","format-standard","has-post-thumbnail","hentry","category-darkovy-napad","category-diy","category-inspiracje","category-lifestyle","category-navadet","category-navody","category-nezarazeno","tag-darky","tag-dekorace","tag-fotografie","tag-fotoknihy","tag-personalizovane-darky","tag-vyzdobu-interieru"],"yoast_head":"<!-- This site is optimized with the Yoast SEO plugin v23.2 - https:\/\/yoast.com\/wordpress\/plugins\/seo\/ -->\n<title>Dekorace do kuchyn\u011b na ze\u010f: Jak\u00e9 plak\u00e1ty vybrat pro povzbuzen\u00ed smysl\u016f? | blog.empikfoto.cz<\/title>\n<meta name=\"description\" content=\"Objevte n\u00e1pady na plak\u00e1ty a dekorace do kuchyn\u011b na ze\u010f, kter\u00e9 o\u017eiv\u00ed prostor a povzbud\u00ed va\u0161e smysly. Inspirujte se na\u0161imi tipy!\" \/>\n<meta name=\"robots\" content=\"index, follow, max-snippet:-1, max-image-preview:large, max-video-preview:-1\" \/>\n<link rel=\"canonical\" href=\"https:\/\/www.empikfoto.cz\/blog\/dekorace-do-kuchyne-na-zed-tipy-na-plakaty\/\" \/>\n<meta property=\"og:locale\" content=\"pl_PL\" \/>\n<meta property=\"og:type\" content=\"article\" \/>\n<meta property=\"og:title\" content=\"Dekorace do kuchyn\u011b na ze\u010f: Jak\u00e9 plak\u00e1ty vybrat pro povzbuzen\u00ed smysl\u016f? | blog.empikfoto.cz\" \/>\n<meta property=\"og:description\" content=\"Objevte n\u00e1pady na plak\u00e1ty a dekorace do kuchyn\u011b na ze\u010f, kter\u00e9 o\u017eiv\u00ed prostor a povzbud\u00ed va\u0161e smysly. Inspirujte se na\u0161imi tipy!\" \/>\n<meta property=\"og:url\" content=\"https:\/\/www.empikfoto.cz\/blog\/dekorace-do-kuchyne-na-zed-tipy-na-plakaty\/\" \/>\n<meta property=\"og:site_name\" content=\"blog.empikfoto.cz\" \/>\n<meta property=\"article:publisher\" content=\"https:\/\/www.facebook.com\/empikfotocz\/\" \/>\n<meta property=\"article:published_time\" content=\"2025-06-03T09:17:31+00:00\" \/>\n<meta property=\"og:image\" content=\"https:\/\/www.empikfoto.cz\/blog\/empikfoto\/2019\/02\/111.jpg\" \/>\n\t<meta property=\"og:image:width\" content=\"580\" \/>\n\t<meta property=\"og:image:height\" content=\"462\" \/>\n\t<meta property=\"og:image:type\" content=\"image\/jpeg\" \/>\n<meta name=\"author\" content=\"Petra Gorolova-Migdalska\" \/>\n<meta name=\"twitter:card\" content=\"summary_large_image\" \/>\n<meta name=\"twitter:label1\" content=\"Napisane przez\" \/>\n\t<meta name=\"twitter:data1\" content=\"Petra Gorolova-Migdalska\" \/>\n\t<meta name=\"twitter:label2\" content=\"Szacowany czas czytania\" \/>\n\t<meta name=\"twitter:data2\" content=\"5 minut\" \/>\n<script type=\"application\/ld+json\" class=\"yoast-schema-graph\">{\"@context\":\"https:\/\/schema.org\",\"@graph\":[{\"@type\":\"WebPage\",\"@id\":\"https:\/\/www.empikfoto.cz\/blog\/dekorace-do-kuchyne-na-zed-tipy-na-plakaty\/\",\"url\":\"https:\/\/www.empikfoto.cz\/blog\/dekorace-do-kuchyne-na-zed-tipy-na-plakaty\/\",\"name\":\"Dekorace do kuchyn\u011b na ze\u010f: Jak\u00e9 plak\u00e1ty vybrat pro povzbuzen\u00ed smysl\u016f? | blog.empikfoto.cz\",\"isPartOf\":{\"@id\":\"https:\/\/www.empikfoto.cz\/blog\/#website\"},\"primaryImageOfPage\":{\"@id\":\"https:\/\/www.empikfoto.cz\/blog\/dekorace-do-kuchyne-na-zed-tipy-na-plakaty\/#primaryimage\"},\"image\":{\"@id\":\"https:\/\/www.empikfoto.cz\/blog\/dekorace-do-kuchyne-na-zed-tipy-na-plakaty\/#primaryimage\"},\"thumbnailUrl\":\"https:\/\/www.empikfoto.cz\/blog\/empikfoto\/2019\/02\/111.jpg\",\"datePublished\":\"2025-06-03T09:17:31+00:00\",\"dateModified\":\"2025-06-03T09:17:31+00:00\",\"author\":{\"@id\":\"https:\/\/www.empikfoto.cz\/blog\/#\/schema\/person\/cda2da3715fef2860163568d53601da4\"},\"description\":\"Objevte n\u00e1pady na plak\u00e1ty a dekorace do kuchyn\u011b na ze\u010f, kter\u00e9 o\u017eiv\u00ed prostor a povzbud\u00ed va\u0161e smysly. Inspirujte se na\u0161imi tipy!\",\"breadcrumb\":{\"@id\":\"https:\/\/www.empikfoto.cz\/blog\/dekorace-do-kuchyne-na-zed-tipy-na-plakaty\/#breadcrumb\"},\"inLanguage\":\"pl-PL\",\"potentialAction\":[{\"@type\":\"ReadAction\",\"target\":[\"https:\/\/www.empikfoto.cz\/blog\/dekorace-do-kuchyne-na-zed-tipy-na-plakaty\/\"]}]},{\"@type\":\"ImageObject\",\"inLanguage\":\"pl-PL\",\"@id\":\"https:\/\/www.empikfoto.cz\/blog\/dekorace-do-kuchyne-na-zed-tipy-na-plakaty\/#primaryimage\",\"url\":\"https:\/\/www.empikfoto.cz\/blog\/empikfoto\/2019\/02\/111.jpg\",\"contentUrl\":\"https:\/\/www.empikfoto.cz\/blog\/empikfoto\/2019\/02\/111.jpg\",\"width\":580,\"height\":462},{\"@type\":\"BreadcrumbList\",\"@id\":\"https:\/\/www.empikfoto.cz\/blog\/dekorace-do-kuchyne-na-zed-tipy-na-plakaty\/#breadcrumb\",\"itemListElement\":[{\"@type\":\"ListItem\",\"position\":1,\"name\":\"Strona g\u0142\u00f3wna\",\"item\":\"https:\/\/www.empikfoto.cz\/blog\/\"},{\"@type\":\"ListItem\",\"position\":2,\"name\":\"Dekorace do kuchyn\u011b na ze\u010f: Jak\u00e9 plak\u00e1ty vybrat pro povzbuzen\u00ed smysl\u016f?\"}]},{\"@type\":\"WebSite\",\"@id\":\"https:\/\/www.empikfoto.cz\/blog\/#website\",\"url\":\"https:\/\/www.empikfoto.cz\/blog\/\",\"name\":\"blog.empikfoto.cz\",\"description\":\"Nechte se inspirovat a darujte vzpom\u00ednky\",\"potentialAction\":[{\"@type\":\"SearchAction\",\"target\":{\"@type\":\"EntryPoint\",\"urlTemplate\":\"https:\/\/www.empikfoto.cz\/blog\/?s={search_term_string}\"},\"query-input\":\"required name=search_term_string\"}],\"inLanguage\":\"pl-PL\"},{\"@type\":\"Person\",\"@id\":\"https:\/\/www.empikfoto.cz\/blog\/#\/schema\/person\/cda2da3715fef2860163568d53601da4\",\"name\":\"Petra Gorolova-Migdalska\",\"image\":{\"@type\":\"ImageObject\",\"inLanguage\":\"pl-PL\",\"@id\":\"https:\/\/www.empikfoto.cz\/blog\/#\/schema\/person\/image\/\",\"url\":\"https:\/\/secure.gravatar.com\/avatar\/4c41f0b422731ea0ef9cac842d4a4410?s=96&d=identicon&r=g\",\"contentUrl\":\"https:\/\/secure.gravatar.com\/avatar\/4c41f0b422731ea0ef9cac842d4a4410?s=96&d=identicon&r=g\",\"caption\":\"Petra Gorolova-Migdalska\"},\"url\":\"https:\/\/www.empikfoto.cz\/blog\/author\/petra\/\"}]}<\/script>\n<!-- \/ Yoast SEO plugin. -->","yoast_head_json":{"title":"Dekorace do kuchyn\u011b na ze\u010f: Jak\u00e9 plak\u00e1ty vybrat pro povzbuzen\u00ed smysl\u016f? | blog.empikfoto.cz","description":"Objevte n\u00e1pady na plak\u00e1ty a dekorace do kuchyn\u011b na ze\u010f, kter\u00e9 o\u017eiv\u00ed prostor a povzbud\u00ed va\u0161e smysly. Inspirujte se na\u0161imi tipy!","robots":{"index":"index","follow":"follow","max-snippet":"max-snippet:-1","max-image-preview":"max-image-preview:large","max-video-preview":"max-video-preview:-1"},"canonical":"https:\/\/www.empikfoto.cz\/blog\/dekorace-do-kuchyne-na-zed-tipy-na-plakaty\/","og_locale":"pl_PL","og_type":"article","og_title":"Dekorace do kuchyn\u011b na ze\u010f: Jak\u00e9 plak\u00e1ty vybrat pro povzbuzen\u00ed smysl\u016f? | blog.empikfoto.cz","og_description":"Objevte n\u00e1pady na plak\u00e1ty a dekorace do kuchyn\u011b na ze\u010f, kter\u00e9 o\u017eiv\u00ed prostor a povzbud\u00ed va\u0161e smysly. Inspirujte se na\u0161imi tipy!","og_url":"https:\/\/www.empikfoto.cz\/blog\/dekorace-do-kuchyne-na-zed-tipy-na-plakaty\/","og_site_name":"blog.empikfoto.cz","article_publisher":"https:\/\/www.facebook.com\/empikfotocz\/","article_published_time":"2025-06-03T09:17:31+00:00","og_image":[{"width":580,"height":462,"url":"https:\/\/www.empikfoto.cz\/blog\/empikfoto\/2019\/02\/111.jpg","type":"image\/jpeg"}],"author":"Petra Gorolova-Migdalska","twitter_card":"summary_large_image","twitter_misc":{"Napisane przez":"Petra Gorolova-Migdalska","Szacowany czas czytania":"5 minut"},"schema":{"@context":"https:\/\/schema.org","@graph":[{"@type":"WebPage","@id":"https:\/\/www.empikfoto.cz\/blog\/dekorace-do-kuchyne-na-zed-tipy-na-plakaty\/","url":"https:\/\/www.empikfoto.cz\/blog\/dekorace-do-kuchyne-na-zed-tipy-na-plakaty\/","name":"Dekorace do kuchyn\u011b na ze\u010f: Jak\u00e9 plak\u00e1ty vybrat pro povzbuzen\u00ed smysl\u016f? | blog.empikfoto.cz","isPartOf":{"@id":"https:\/\/www.empikfoto.cz\/blog\/#website"},"primaryImageOfPage":{"@id":"https:\/\/www.empikfoto.cz\/blog\/dekorace-do-kuchyne-na-zed-tipy-na-plakaty\/#primaryimage"},"image":{"@id":"https:\/\/www.empikfoto.cz\/blog\/dekorace-do-kuchyne-na-zed-tipy-na-plakaty\/#primaryimage"},"thumbnailUrl":"https:\/\/www.empikfoto.cz\/blog\/empikfoto\/2019\/02\/111.jpg","datePublished":"2025-06-03T09:17:31+00:00","dateModified":"2025-06-03T09:17:31+00:00","author":{"@id":"https:\/\/www.empikfoto.cz\/blog\/#\/schema\/person\/cda2da3715fef2860163568d53601da4"},"description":"Objevte n\u00e1pady na plak\u00e1ty a dekorace do kuchyn\u011b na ze\u010f, kter\u00e9 o\u017eiv\u00ed prostor a povzbud\u00ed va\u0161e smysly. Inspirujte se na\u0161imi tipy!","breadcrumb":{"@id":"https:\/\/www.empikfoto.cz\/blog\/dekorace-do-kuchyne-na-zed-tipy-na-plakaty\/#breadcrumb"},"inLanguage":"pl-PL","potentialAction":[{"@type":"ReadAction","target":["https:\/\/www.empikfoto.cz\/blog\/dekorace-do-kuchyne-na-zed-tipy-na-plakaty\/"]}]},{"@type":"ImageObject","inLanguage":"pl-PL","@id":"https:\/\/www.empikfoto.cz\/blog\/dekorace-do-kuchyne-na-zed-tipy-na-plakaty\/#primaryimage","url":"https:\/\/www.empikfoto.cz\/blog\/empikfoto\/2019\/02\/111.jpg","contentUrl":"https:\/\/www.empikfoto.cz\/blog\/empikfoto\/2019\/02\/111.jpg","width":580,"height":462},{"@type":"BreadcrumbList","@id":"https:\/\/www.empikfoto.cz\/blog\/dekorace-do-kuchyne-na-zed-tipy-na-plakaty\/#breadcrumb","itemListElement":[{"@type":"ListItem","position":1,"name":"Strona g\u0142\u00f3wna","item":"https:\/\/www.empikfoto.cz\/blog\/"},{"@type":"ListItem","position":2,"name":"Dekorace do kuchyn\u011b na ze\u010f: Jak\u00e9 plak\u00e1ty vybrat pro povzbuzen\u00ed smysl\u016f?"}]},{"@type":"WebSite","@id":"https:\/\/www.empikfoto.cz\/blog\/#website","url":"https:\/\/www.empikfoto.cz\/blog\/","name":"blog.empikfoto.cz","description":"Nechte se inspirovat a darujte vzpom\u00ednky","potentialAction":[{"@type":"SearchAction","target":{"@type":"EntryPoint","urlTemplate":"https:\/\/www.empikfoto.cz\/blog\/?s={search_term_string}"},"query-input":"required name=search_term_string"}],"inLanguage":"pl-PL"},{"@type":"Person","@id":"https:\/\/www.empikfoto.cz\/blog\/#\/schema\/person\/cda2da3715fef2860163568d53601da4","name":"Petra Gorolova-Migdalska","image":{"@type":"ImageObject","inLanguage":"pl-PL","@id":"https:\/\/www.empikfoto.cz\/blog\/#\/schema\/person\/image\/","url":"https:\/\/secure.gravatar.com\/avatar\/4c41f0b422731ea0ef9cac842d4a4410?s=96&d=identicon&r=g","contentUrl":"https:\/\/secure.gravatar.com\/avatar\/4c41f0b422731ea0ef9cac842d4a4410?s=96&d=identicon&r=g","caption":"Petra Gorolova-Migdalska"},"url":"https:\/\/www.empikfoto.cz\/blog\/author\/petra\/"}]}},"_links":{"self":[{"href":"https:\/\/www.empikfoto.cz\/blog\/wp-json\/wp\/v2\/posts\/9298","targetHints":{"allow":["GET"]}}],"collection":[{"href":"https:\/\/www.empikfoto.cz\/blog\/wp-json\/wp\/v2\/posts"}],"about":[{"href":"https:\/\/www.empikfoto.cz\/blog\/wp-json\/wp\/v2\/types\/post"}],"author":[{"embeddable":true,"href":"https:\/\/www.empikfoto.cz\/blog\/wp-json\/wp\/v2\/users\/30"}],"replies":[{"embeddable":true,"href":"https:\/\/www.empikfoto.cz\/blog\/wp-json\/wp\/v2\/comments?post=9298"}],"version-history":[{"count":3,"href":"https:\/\/www.empikfoto.cz\/blog\/wp-json\/wp\/v2\/posts\/9298\/revisions"}],"predecessor-version":[{"id":9303,"href":"https:\/\/www.empikfoto.cz\/blog\/wp-json\/wp\/v2\/posts\/9298\/revisions\/9303"}],"wp:featuredmedia":[{"embeddable":true,"href":"https:\/\/www.empikfoto.cz\/blog\/wp-json\/wp\/v2\/media\/8749"}],"wp:attachment":[{"href":"https:\/\/www.empikfoto.cz\/blog\/wp-json\/wp\/v2\/media?parent=9298"}],"wp:term":[{"taxonomy":"category","embeddable":true,"href":"https:\/\/www.empikfoto.cz\/blog\/wp-json\/wp\/v2\/categories?post=9298"},{"taxonomy":"post_tag","embeddable":true,"href":"https:\/\/www.empikfoto.cz\/blog\/wp-json\/wp\/v2\/tags?post=9298"}],"curies":[{"name":"wp","href":"https:\/\/api.w.org\/{rel}","templated":true}]}}